{"id":19719,"date":"2025-12-03T13:28:04","date_gmt":"2025-12-03T16:28:04","guid":{"rendered":"https:\/\/www.visionweb.com.ar\/?p=19719"},"modified":"2025-12-03T13:28:04","modified_gmt":"2025-12-03T16:28:04","slug":"ya-estan-abiertas-las-inscripciones-al-plan-fines-en-lanus","status":"publish","type":"post","link":"https:\/\/www.visionweb.com.ar\/?p=19719","title":{"rendered":"Ya est\u00e1n abiertas las inscripciones al plan FinEs en Lan\u00fas"},"content":{"rendered":"<p><strong><em>Es una iniciativa libre y gratuita del Municipio para concluir los estudios secundarios, dirigida a mayores de 18 a\u00f1os<\/em> <\/strong><em><strong>que adeuden materias o no hayan finalizado la escolaridad obligatoria.<\/strong> <\/em><!--more--><\/p>\n<p><strong><img loading=\"lazy\" decoding=\"async\" class=\"size-medium wp-image-19720 alignleft\" src=\"https:\/\/www.visionweb.com.ar\/wp-content\/uploads\/2025\/12\/plan-fines-lanus-240x300.jpg\" alt=\"\" width=\"240\" height=\"300\" srcset=\"https:\/\/www.visionweb.com.ar\/wp-content\/uploads\/2025\/12\/plan-fines-lanus-240x300.jpg 240w, https:\/\/www.visionweb.com.ar\/wp-content\/uploads\/2025\/12\/plan-fines-lanus.jpg 368w\" sizes=\"auto, (max-width: 240px) 100vw, 240px\" \/>\u00a0 \u00a0 \u00a0 \u00a0Lan\u00fas Gobierno<\/strong> inform\u00f3 que comenzaron las inscripciones para la nueva edici\u00f3n del <strong>Plan de Finalizaci\u00f3n de Estudios Secundarios (FinES),<\/strong>\u00a0en el <strong>Centro de Atenci\u00f3n Vecinal (CAV)<\/strong>, ubicado en Albarrac\u00edn N\u00b0 2389, en la localidad de <strong>Remedios de Escalada<\/strong>, de lunes a viernes de 7:30 a 13:30.<\/p>\n<p>Est\u00e1 dirigido a <strong>mayores de 18 a\u00f1os, que para inscribirse <\/strong>deber\u00e1n <strong>presentar DNI, partida de nacimiento, constancia general, celular y mail de contacto<\/strong>.<\/p>\n<p>Cabe resaltar que esta es una herramienta fundamental de <strong>reintegraci\u00f3n educativa<\/strong> que impulsa el desarrollo individual y colectivo, adem\u00e1s de que garantiza el derecho al acceso a la educaci\u00f3n y la igualdad de oportunidades, inform\u00f3 <strong>Prensa<\/strong> de la Comuna.<\/p>\n<p>La misma est\u00e1 destinada a j\u00f3venes y adultos mayores de edad que <strong>adeuden materias o no hayan finalizado la escolaridad obligatoria<\/strong>. <strong>(VW)<\/strong><\/p>\n","protected":false},"excerpt":{"rendered":"<p>Es una iniciativa libre y gratuita del Municipio para concluir los estudios secundarios, dirigida a mayores de 18 a\u00f1os que adeuden materias o no hayan finalizado la escolaridad obligatoria.<\/p>\n","protected":false},"author":4,"featured_media":19720,"comment_status":"closed","ping_status":"closed","sticky":false,"template":"","format":"standard","meta":{"_monsterinsights_skip_tracking":false,"_monsterinsights_sitenote_active":false,"_monsterinsights_sitenote_note":"","_monsterinsights_sitenote_category":0,"footnotes":""},"categories":[7,5],"tags":[1022,3976,8471,2710,8470],"class_list":["post-19719","post","type-post","status-publish","format-standard","has-post-thumbnail","hentry","category-educacion-y-cultura","category-sociedad","tag-inscripciones","tag-lanus-municipio","tag-mayores-de-18-anos","tag-plan-fines","tag-terminarel-secundario"],"_links":{"self":[{"href":"https:\/\/www.visionweb.com.ar\/index.php?rest_route=\/wp\/v2\/posts\/19719","targetHints":{"allow":["GET"]}}],"collection":[{"href":"https:\/\/www.visionweb.com.ar\/index.php?rest_route=\/wp\/v2\/posts"}],"about":[{"href":"https:\/\/www.visionweb.com.ar\/index.php?rest_route=\/wp\/v2\/types\/post"}],"author":[{"embeddable":true,"href":"https:\/\/www.visionweb.com.ar\/index.php?rest_route=\/wp\/v2\/users\/4"}],"replies":[{"embeddable":true,"href":"https:\/\/www.visionweb.com.ar\/index.php?rest_route=%2Fwp%2Fv2%2Fcomments&post=19719"}],"version-history":[{"count":1,"href":"https:\/\/www.visionweb.com.ar\/index.php?rest_route=\/wp\/v2\/posts\/19719\/revisions"}],"predecessor-version":[{"id":19721,"href":"https:\/\/www.visionweb.com.ar\/index.php?rest_route=\/wp\/v2\/posts\/19719\/revisions\/19721"}],"wp:featuredmedia":[{"embeddable":true,"href":"https:\/\/www.visionweb.com.ar\/index.php?rest_route=\/wp\/v2\/media\/19720"}],"wp:attachment":[{"href":"https:\/\/www.visionweb.com.ar\/index.php?rest_route=%2Fwp%2Fv2%2Fmedia&parent=19719"}],"wp:term":[{"taxonomy":"category","embeddable":true,"href":"https:\/\/www.visionweb.com.ar\/index.php?rest_route=%2Fwp%2Fv2%2Fcategories&post=19719"},{"taxonomy":"post_tag","embeddable":true,"href":"https:\/\/www.visionweb.com.ar\/index.php?rest_route=%2Fwp%2Fv2%2Ftags&post=19719"}],"curies":[{"name":"wp","href":"https:\/\/api.w.org\/{rel}","templated":true}]}}