{"id":19694,"date":"2025-12-01T12:03:20","date_gmt":"2025-12-01T15:03:20","guid":{"rendered":"https:\/\/www.visionweb.com.ar\/?p=19694"},"modified":"2025-12-01T12:03:20","modified_gmt":"2025-12-01T15:03:20","slug":"abrio-la-preinscripcion-para-la-colonia-de-verano-2026-del-municipio-de-lanus","status":"publish","type":"post","link":"https:\/\/www.visionweb.com.ar\/?p=19694","title":{"rendered":"Abri\u00f3 la preinscripci\u00f3n para la Colonia de Verano 2026 del municipio de Lan\u00fas"},"content":{"rendered":"<p><em><strong>Es para ni\u00f1os y ni\u00f1as de 6 a 12 a\u00f1os inclusive. Luego de la preinscripci\u00f3n online, hay que concurrir al Parque con la documentaci\u00f3n impresa.<\/strong><\/em><!--more--><\/p>\n<p><strong><img loading=\"lazy\" decoding=\"async\" class=\"size-medium wp-image-19161 alignright\" src=\"https:\/\/www.visionweb.com.ar\/wp-content\/uploads\/2025\/09\/PARQUE-LAS-COLONIAS-LANUS-300x167.png\" alt=\"\" width=\"300\" height=\"167\" srcset=\"https:\/\/www.visionweb.com.ar\/wp-content\/uploads\/2025\/09\/PARQUE-LAS-COLONIAS-LANUS-300x167.png 300w, https:\/\/www.visionweb.com.ar\/wp-content\/uploads\/2025\/09\/PARQUE-LAS-COLONIAS-LANUS.png 640w\" sizes=\"auto, (max-width: 300px) 100vw, 300px\" \/>\u00a0\u00a0\u00a0 Lan\u00fas Gobierno<\/strong> inform\u00f3 que desde este lunes 1 al domingo 14 de diciembre, se encuentra <strong>abierta la preinscripci\u00f3n <\/strong>para la <strong>Colonia de Verano 2026, <\/strong>en el Parque Central Las Colonias, ubicado en Salta y Purita, en la localidad de Remedios de Escalada.\u00a0Es para ni\u00f1os y ni\u00f1as de 6 a 12 a\u00f1os inclusive.<\/p>\n<p>Esta propuesta funcionar\u00e1 de manera quincenal: del lunes 5 al viernes 16 de enero y del lunes 19 al viernes 30 de enero, de 8 a 12 (turno ma\u00f1ana) y de 13 a 17 (turno tarde), conforme indic\u00f3 Prensa del Municipio de Lan\u00fas.<\/p>\n<p>La iniciativa tiene la finalidad de que los chicos y las chicas del distrito puedan disfrutar de distintas actividades recreativas durante la temporada estival.<\/p>\n<p>Para la preinscripci\u00f3n se deber\u00e1 completar el formulario que est\u00e1 en el enlace\u00a0<a href=\"http:\/\/www.lanus.gob.ar\/colonia2026\">www.lanus.gob.ar\/colonia2026<\/a>\u00a0luego, como segundo paso, hay <strong>que presentarse en el Parque <\/strong>de lunes a domingos, de 9 a 18 <strong>con la ficha de autorizaci\u00f3n impresa, con fotocopia del DNI del menor y del tutor, madre o padre<\/strong>. <strong>(VW)<\/strong><\/p>\n<p>&nbsp;<\/p>\n","protected":false},"excerpt":{"rendered":"<p>Es para ni\u00f1os y ni\u00f1as de 6 a 12 a\u00f1os inclusive. Luego de la preinscripci\u00f3n online, hay que concurrir al Parque con la documentaci\u00f3n impresa.<\/p>\n","protected":false},"author":4,"featured_media":19161,"comment_status":"closed","ping_status":"closed","sticky":false,"template":"","format":"standard","meta":{"_monsterinsights_skip_tracking":false,"_monsterinsights_sitenote_active":false,"_monsterinsights_sitenote_note":"","_monsterinsights_sitenote_category":0,"footnotes":""},"categories":[8,5],"tags":[8461,2824,8462],"class_list":["post-19694","post","type-post","status-publish","format-standard","has-post-thumbnail","hentry","category-interes-general","category-sociedad","tag-colonia-de-verano-2026","tag-municipio-de-lanus","tag-preinscripciones"],"_links":{"self":[{"href":"https:\/\/www.visionweb.com.ar\/index.php?rest_route=\/wp\/v2\/posts\/19694","targetHints":{"allow":["GET"]}}],"collection":[{"href":"https:\/\/www.visionweb.com.ar\/index.php?rest_route=\/wp\/v2\/posts"}],"about":[{"href":"https:\/\/www.visionweb.com.ar\/index.php?rest_route=\/wp\/v2\/types\/post"}],"author":[{"embeddable":true,"href":"https:\/\/www.visionweb.com.ar\/index.php?rest_route=\/wp\/v2\/users\/4"}],"replies":[{"embeddable":true,"href":"https:\/\/www.visionweb.com.ar\/index.php?rest_route=%2Fwp%2Fv2%2Fcomments&post=19694"}],"version-history":[{"count":1,"href":"https:\/\/www.visionweb.com.ar\/index.php?rest_route=\/wp\/v2\/posts\/19694\/revisions"}],"predecessor-version":[{"id":19695,"href":"https:\/\/www.visionweb.com.ar\/index.php?rest_route=\/wp\/v2\/posts\/19694\/revisions\/19695"}],"wp:featuredmedia":[{"embeddable":true,"href":"https:\/\/www.visionweb.com.ar\/index.php?rest_route=\/wp\/v2\/media\/19161"}],"wp:attachment":[{"href":"https:\/\/www.visionweb.com.ar\/index.php?rest_route=%2Fwp%2Fv2%2Fmedia&parent=19694"}],"wp:term":[{"taxonomy":"category","embeddable":true,"href":"https:\/\/www.visionweb.com.ar\/index.php?rest_route=%2Fwp%2Fv2%2Fcategories&post=19694"},{"taxonomy":"post_tag","embeddable":true,"href":"https:\/\/www.visionweb.com.ar\/index.php?rest_route=%2Fwp%2Fv2%2Ftags&post=19694"}],"curies":[{"name":"wp","href":"https:\/\/api.w.org\/{rel}","templated":true}]}}