{"id":19689,"date":"2025-12-01T10:55:47","date_gmt":"2025-12-01T13:55:47","guid":{"rendered":"https:\/\/www.visionweb.com.ar\/?p=19689"},"modified":"2025-12-01T10:55:47","modified_gmt":"2025-12-01T13:55:47","slug":"arranca-el-nuevo-horario-bancario-de-verano-en-la-provincia","status":"publish","type":"post","link":"https:\/\/www.visionweb.com.ar\/?p=19689","title":{"rendered":"Arranca el nuevo horario bancario de verano en la Provincia"},"content":{"rendered":"<p><em><strong>Son 108 los municipios del interior de la Provincia que desde este lunes modifican sus horarios de atenci\u00f3n. El nuevo horario ser\u00e1 de 8 a 13 y regir\u00e1 hasta el lunes 23 de marzo.<\/strong><\/em><!--more--><\/p>\n<p><img loading=\"lazy\" decoding=\"async\" class=\"size-medium wp-image-19690 alignright\" src=\"https:\/\/www.visionweb.com.ar\/wp-content\/uploads\/2025\/12\/banco-prov-suc-salliquelo-300x179.png\" alt=\"\" width=\"300\" height=\"179\" srcset=\"https:\/\/www.visionweb.com.ar\/wp-content\/uploads\/2025\/12\/banco-prov-suc-salliquelo-300x179.png 300w, https:\/\/www.visionweb.com.ar\/wp-content\/uploads\/2025\/12\/banco-prov-suc-salliquelo.png 646w\" sizes=\"auto, (max-width: 300px) 100vw, 300px\" \/>\u00a0\u00a0\u00a0 <strong>E<\/strong>l <strong>Gobierno de Axel Kicillof<\/strong> oficializ\u00f3 el nuevo\u00a0<strong>horario bancario <\/strong>para los meses de calor en la provincia de Buenos Aires, que comienzan a regir a partir de este lunes 1 de diciembre y ser\u00e1 de\u00a0<strong>8 a 13 horas<\/strong>.<\/p>\n<p>As\u00ed qued\u00f3 establecido en el Bolet\u00edn Oficial, donde decreta el cambio, de\u00a0<strong>10 a 15 por el de 8 a 13,\u00a0<\/strong>debido a las altas temperaturas en esa \u00e9poca del a\u00f1o.<\/p>\n<p>De esta manera, <strong>el mandatario acept\u00f3 el pedido elevado por el gremio La Bancaria y 108 municipios se ver\u00e1n afectados por este cambio,<\/strong> de acuerdo inform\u00f3<strong> Agencia DIB.<\/strong><\/p>\n<p><strong>La medida se extender\u00e1 hasta el domingo 22 de marzo 2026,\u00a0<\/strong>por lo que el d\u00eda posterior, el lunes 23, volver\u00e1 la atenci\u00f3n habitual.<\/p>\n<p><strong>Cu\u00e1les son los 108 municipios que cambian su horario bancario<\/strong><\/p>\n<p><strong>25 de Mayo, 9 de Julio, Adolfo Alsina, Adolfo Gonzales, Chaves, Alberti, Arrecifes, Ayacucho, Azul, Bah\u00eda Blanca, Balcarce, Baradero, Benito Ju\u00e1rez, Berisso, Bol\u00edvar, Bragado, Brandsen, Campana, Ca\u00f1uelas, Capit\u00e1n Sarmiento, Carlos Casares, Carlos Tejedor, Carmen de Areco, Castelli, Chacabuco, Chascom\u00fas, Chivilcoy, Col\u00f3n, Coronel Rosales, Coronel Dorrego, Coronel Pringles, Coronel Su\u00e1rez, Daireaux, Dolores, Ensenada, Exaltaci\u00f3n de la Cruz, Florentino Ameghino, General Alvarado, General Alvear, General Arenales, General Belgrano, General Guido, Madariaga, Lamadrid, General Las Heras, General Lavalle, General Paz, General Pinto, General Pueyrred\u00f3n, General Rodr\u00edguez, Viamonte, General Villegas y Guamin\u00ed.<\/strong><\/p>\n<p>Completan la lista de distritos\u00a0<strong>Hip\u00f3lito Yrigoyen, Jun\u00edn, La Costa, La Plata, Laprida, Las Flores, Leandro N. Alem, Lezama, Lincoln, Lober\u00eda, Lobos, Luj\u00e1n, Magdalena, Maip\u00fa, Mar Chiquita, Marcos Paz, Mercedes, Monte, Monte Hermoso, Navarro, Necochea, Olavarr\u00eda, Patagones, Pehuaj\u00f3, Pellegrini, Pergamino, Pila, Pinamar, Pu\u00e1n, Punta Indio, Ramallo, Rauch, Rivadavia, Rojas, Roque P\u00e9rez, Saavedra, Saladillo, Salliquel\u00f3, Salto, San Andr\u00e9s de Giles, San Antonio de Areco, San Cayetano, San Nicol\u00e1s, San Pedro, San Vicente, Suipacha, Tandil, Tapalqu\u00e9, Tordillo, Tornquist, Trenque Lauquen, Tres Arroyos, Tres Lomas, Villa Gesell, Villarino, Z\u00e1rate. (VW)<\/strong><\/p>\n","protected":false},"excerpt":{"rendered":"<p>Son 108 los municipios del interior de la Provincia que desde este lunes modifican sus horarios de atenci\u00f3n. El nuevo horario ser\u00e1 de 8 a 13 y regir\u00e1 hasta el lunes 23 de marzo.<\/p>\n","protected":false},"author":4,"featured_media":19690,"comment_status":"closed","ping_status":"closed","sticky":false,"template":"","format":"standard","meta":{"_monsterinsights_skip_tracking":false,"_monsterinsights_sitenote_active":false,"_monsterinsights_sitenote_note":"","_monsterinsights_sitenote_category":0,"footnotes":""},"categories":[8],"tags":[24,8458,356],"class_list":["post-19689","post","type-post","status-publish","format-standard","has-post-thumbnail","hentry","category-interes-general","tag-bancos","tag-horario-de-verano","tag-provincia"],"_links":{"self":[{"href":"https:\/\/www.visionweb.com.ar\/index.php?rest_route=\/wp\/v2\/posts\/19689","targetHints":{"allow":["GET"]}}],"collection":[{"href":"https:\/\/www.visionweb.com.ar\/index.php?rest_route=\/wp\/v2\/posts"}],"about":[{"href":"https:\/\/www.visionweb.com.ar\/index.php?rest_route=\/wp\/v2\/types\/post"}],"author":[{"embeddable":true,"href":"https:\/\/www.visionweb.com.ar\/index.php?rest_route=\/wp\/v2\/users\/4"}],"replies":[{"embeddable":true,"href":"https:\/\/www.visionweb.com.ar\/index.php?rest_route=%2Fwp%2Fv2%2Fcomments&post=19689"}],"version-history":[{"count":1,"href":"https:\/\/www.visionweb.com.ar\/index.php?rest_route=\/wp\/v2\/posts\/19689\/revisions"}],"predecessor-version":[{"id":19691,"href":"https:\/\/www.visionweb.com.ar\/index.php?rest_route=\/wp\/v2\/posts\/19689\/revisions\/19691"}],"wp:featuredmedia":[{"embeddable":true,"href":"https:\/\/www.visionweb.com.ar\/index.php?rest_route=\/wp\/v2\/media\/19690"}],"wp:attachment":[{"href":"https:\/\/www.visionweb.com.ar\/index.php?rest_route=%2Fwp%2Fv2%2Fmedia&parent=19689"}],"wp:term":[{"taxonomy":"category","embeddable":true,"href":"https:\/\/www.visionweb.com.ar\/index.php?rest_route=%2Fwp%2Fv2%2Fcategories&post=19689"},{"taxonomy":"post_tag","embeddable":true,"href":"https:\/\/www.visionweb.com.ar\/index.php?rest_route=%2Fwp%2Fv2%2Ftags&post=19689"}],"curies":[{"name":"wp","href":"https:\/\/api.w.org\/{rel}","templated":true}]}}