{"id":19685,"date":"2025-12-01T08:40:42","date_gmt":"2025-12-01T11:40:42","guid":{"rendered":"https:\/\/www.visionweb.com.ar\/?p=19685"},"modified":"2025-12-01T08:42:56","modified_gmt":"2025-12-01T11:42:56","slug":"la-industria-metalurgica-al-rojo-vivo-por-la-caida-de-la-produccion","status":"publish","type":"post","link":"https:\/\/www.visionweb.com.ar\/?p=19685","title":{"rendered":"La industria metal\u00fargica al rojo vivo por  la ca\u00edda de la producci\u00f3n"},"content":{"rendered":"<p><em><strong>La capacidad instalada en uso cay\u00f3 al 44,3%, uno de los valores m\u00e1s bajos en d\u00e9cadas. M\u00e1s de la mitad de las m\u00e1quinas del sector est\u00e1n detenidas o trabajando a medias.<\/strong><\/em><!--more--><\/p>\n<p><img loading=\"lazy\" decoding=\"async\" class=\"size-medium wp-image-8013 alignright\" src=\"https:\/\/www.visionweb.com.ar\/wp-content\/uploads\/2022\/11\/INDUSTRIAS-BONAERENSES-300x169.png\" alt=\"\" width=\"300\" height=\"169\" srcset=\"https:\/\/www.visionweb.com.ar\/wp-content\/uploads\/2022\/11\/INDUSTRIAS-BONAERENSES-300x169.png 300w, https:\/\/www.visionweb.com.ar\/wp-content\/uploads\/2022\/11\/INDUSTRIAS-BONAERENSES.png 640w\" sizes=\"auto, (max-width: 300px) 100vw, 300px\" \/>El titular de la CGT Z\u00e1rate-Campana, Carlos Guti\u00e9rrez, alert\u00f3<strong> por la ca\u00edda de la actividad metal\u00fargica, el retroceso del empleo industrial y el avance de trabajos precarizados<\/strong> en aplicaciones. Duras cr\u00edticas al Gobierno y al propio sindicalismo.<\/p>\n<p>La tensi\u00f3n en <strong>el sector industrial volvi\u00f3 a quedar expuesta luego de que Carlos Guti\u00e9rrez, secretario general de la\u00a0<a class=\"agrupador\" href=\"https:\/\/dib.com.ar\/tag\/cgt\" rel=\"776\">CGT<\/a>\u00a0<a class=\"agrupador\" href=\"https:\/\/dib.com.ar\/tag\/zarate\" rel=\"111\">Z\u00e1rate<\/a>&#8211;<a class=\"agrupador\" href=\"https:\/\/dib.com.ar\/tag\/campana\" rel=\"825\">Campana<\/a>\u00a0y dirigente de ASIMRA, denunciara que la econom\u00eda argentina atraviesa un\u00a0\u201cindustricidio\u201d.<\/strong><\/p>\n<article class=\"article-body article-body--second-paragraph\">El t\u00e9rmino, que utiliz\u00f3 para describir la destrucci\u00f3n de la capacidad productiva, apunta a un modelo que, seg\u00fan \u00e9l, empuja a miles de trabajadores a reemplazar empleos fabriles por aplicaciones como Uber o Rappi.<\/article>\n<article><\/article>\n<article><\/article>\n<article class=\"article-body article-body--second-paragraph\">\u201c<em>Todos los d\u00edas una empresa se achica, suspende, despide o directamente cierra. \u00bfPero qu\u00e9 empresas abrieron en estos dos a\u00f1os? Ninguna\u201d<\/em>, afirm\u00f3 Guti\u00e9rrez a la agencia Noticias Argentinas. Sus declaraciones llegaron en un contexto donde la industria metal\u00fargica volvi\u00f3 a mostrar se\u00f1ales de retroceso.<\/p>\n<article><\/article>\n<article><\/article>\n<article class=\"article-body article-body--second-paragraph\"><strong>Un informe de ADIMRA revel\u00f3 que la actividad cay\u00f3 4,6% interanual en octubre, borrando los avances logrados en 2024 y parte del 2025<\/strong>. Aunque el sector registr\u00f3 un leve repunte mensual del 0,3%, los n\u00fameros son preocupantes: en lo que va del a\u00f1o, el crecimiento acumulado es de apenas 0,1% y la\u00a0<a class=\"agrupador\" href=\"https:\/\/dib.com.ar\/tag\/produccion\" rel=\"1183\">producci\u00f3n<\/a>\u00a0est\u00e1 17,7% por debajo de los niveles de mediados de 2023.<\/article>\n<article><\/article>\n<article><\/article>\n<article class=\"article-body article-body--third-paragraph\"><strong>La capacidad instalada en uso cay\u00f3 al 44,3%, uno de los valores m\u00e1s bajos en d\u00e9cadas.<\/strong> M\u00e1s de la mitad de <strong>las m\u00e1quinas del sector est\u00e1n detenidas o trabajando a medias<\/strong>.<\/article>\n<article><\/article>\n<article class=\"article-body article-body--third-paragraph\">Guti\u00e9rrez, psic\u00f3logo social y supervisor en la planta de Toyota donde se fabrica la Hilux, endureci\u00f3 sus cr\u00edticas:<em> \u201cLe pueden poner el nombre que quieran, pero nosotros lo llamamos\u00a0<a class=\"agrupador\" href=\"https:\/\/dib.com.ar\/industricidio-a13406\" rel=\"13406\">industricidio<\/a>. Es la continuidad de Mart\u00ednez de Hoz y Cavallo, una pol\u00edtica que destruye la capacidad productiva y el capital social acumulado por generaciones de argentinos\u201d<\/em>.<strong>Cr\u00edticas<\/strong><\/p>\n<p>El dirigente tambi\u00e9n apunt\u00f3 contra un sector del sindicalismo.<strong> En particular, cuestion\u00f3 a Luis Garc\u00eda Ortiz, titular de ASIMRA desde hace cuarenta a\u00f1os<\/strong>, con quien mantiene un conflicto judicial por \u201celecciones limpias\u201d.<\/p>\n<p><em>\u201cLos sindicatos siempre tuvimos la responsabilidad de crear conciencia nacional y de clase. El nuestro se desentendi\u00f3 y eso explica, en parte, que haya pibes que trabajan en una f\u00e1brica pero votan a Milei y celebran las importaciones<\/em>\u201d, se\u00f1al\u00f3.<\/p>\n<p>Para Guti\u00e9rrez, el fen\u00f3meno requiere autocr\u00edtica<em>. \u201cMilei supo interpelarlos y nosotros no. No podemos seguir ignorando esa realidad ni enojarnos con ellos<\/em>\u201d, dijo.<\/p>\n<p>El dirigente insisti\u00f3 en que el movimiento obrero debe discutir seriamente los cambios tecnol\u00f3gicos que impactan de lleno en el empleo: robotizaci\u00f3n, inteligencia artificial y nuevas formas de organizaci\u00f3n del trabajo.<\/p>\n<p>En ese sentido, advirti\u00f3 sobre la \u201cilusi\u00f3n\u201d del cuentapropismo digital. <em>\u201cEl desempleo se barre bajo la alfombra de Uber y Rappi, pero eso no es trabajo. Si met\u00e9s en la cuenta el mantenimiento del auto o la moto, te est\u00e1s comiendo tu propio capital\u201d<\/em>, explic\u00f3. Y grafic\u00f3:<em> \u201cSi compr\u00e1s un cero kil\u00f3metro y lo vend\u00e9s con 300 o 400 mil kil\u00f3metros, \u00bfcu\u00e1nto perdiste? Adem\u00e1s, \u00bfqui\u00e9n le presta plata a un chofer precarizado para renovar su unidad?<\/em>\u201d.<\/p>\n<p>Guti\u00e9rrez concluy\u00f3 con un mensaje pol\u00edtico hacia el sector: \u201cHay pa\u00edses como Brasil que est\u00e1n demostrando que existen alternativas. Si no estamos dispuestos a dar esa pelea, m\u00e1s vale irnos a casa a disfrutar de los nietos<strong>(VW)<\/strong><\/p>\n<p><em><strong>Con datos propios, de las agencias NA y DIB<\/strong><\/em><\/p>\n<\/article>\n<\/article>\n","protected":false},"excerpt":{"rendered":"<p>La capacidad instalada en uso cay\u00f3 al 44,3%, uno de los valores m\u00e1s bajos en d\u00e9cadas. M\u00e1s de la mitad de las m\u00e1quinas del sector est\u00e1n detenidas o trabajando a medias.<\/p>\n","protected":false},"author":3,"featured_media":7939,"comment_status":"closed","ping_status":"closed","sticky":false,"template":"","format":"standard","meta":{"_monsterinsights_skip_tracking":false,"_monsterinsights_sitenote_active":false,"_monsterinsights_sitenote_note":"","_monsterinsights_sitenote_category":0,"footnotes":""},"categories":[749],"tags":[3551,8457,299,33],"class_list":["post-19685","post","type-post","status-publish","format-standard","has-post-thumbnail","hentry","category-pymes","tag-caida","tag-cierrees","tag-industrias","tag-produccion"],"_links":{"self":[{"href":"https:\/\/www.visionweb.com.ar\/index.php?rest_route=\/wp\/v2\/posts\/19685","targetHints":{"allow":["GET"]}}],"collection":[{"href":"https:\/\/www.visionweb.com.ar\/index.php?rest_route=\/wp\/v2\/posts"}],"about":[{"href":"https:\/\/www.visionweb.com.ar\/index.php?rest_route=\/wp\/v2\/types\/post"}],"author":[{"embeddable":true,"href":"https:\/\/www.visionweb.com.ar\/index.php?rest_route=\/wp\/v2\/users\/3"}],"replies":[{"embeddable":true,"href":"https:\/\/www.visionweb.com.ar\/index.php?rest_route=%2Fwp%2Fv2%2Fcomments&post=19685"}],"version-history":[{"count":3,"href":"https:\/\/www.visionweb.com.ar\/index.php?rest_route=\/wp\/v2\/posts\/19685\/revisions"}],"predecessor-version":[{"id":19688,"href":"https:\/\/www.visionweb.com.ar\/index.php?rest_route=\/wp\/v2\/posts\/19685\/revisions\/19688"}],"wp:featuredmedia":[{"embeddable":true,"href":"https:\/\/www.visionweb.com.ar\/index.php?rest_route=\/wp\/v2\/media\/7939"}],"wp:attachment":[{"href":"https:\/\/www.visionweb.com.ar\/index.php?rest_route=%2Fwp%2Fv2%2Fmedia&parent=19685"}],"wp:term":[{"taxonomy":"category","embeddable":true,"href":"https:\/\/www.visionweb.com.ar\/index.php?rest_route=%2Fwp%2Fv2%2Fcategories&post=19685"},{"taxonomy":"post_tag","embeddable":true,"href":"https:\/\/www.visionweb.com.ar\/index.php?rest_route=%2Fwp%2Fv2%2Ftags&post=19685"}],"curies":[{"name":"wp","href":"https:\/\/api.w.org\/{rel}","templated":true}]}}