{"id":19681,"date":"2025-12-01T07:38:22","date_gmt":"2025-12-01T10:38:22","guid":{"rendered":"https:\/\/www.visionweb.com.ar\/?p=19681"},"modified":"2025-11-30T20:55:06","modified_gmt":"2025-11-30T23:55:06","slug":"en-un-encuentro-analizan-el-abordaje-de-los-problemas-de-salud-mental","status":"publish","type":"post","link":"https:\/\/www.visionweb.com.ar\/?p=19681","title":{"rendered":"En un encuentro analizan el abordaje de los problemas de salud mental"},"content":{"rendered":"<p><em><strong>Articulado por el Consejo Social Comunitario de la Universidad Nacional de Lan\u00fas (UNLa), \u00a0se realiz\u00f3 en el \u00a0Edificio Jos\u00e9 Hern\u00e1ndez de la Casa de Altos Estudios.<\/strong><\/em><!--more--><\/p>\n<p><strong>\u00a0<\/strong>Con el objetivo de promover un espacio \u00a0para debatir y construir una\u00a0 mirada com\u00fan sobre c\u00f3mo abordar las problem\u00e1ticas vinculada a la Salud Mental, se realiz\u00f3 el \u201cEncuentro Comunitario de Salud Mental\u201d este s\u00e1bado por la ma\u00f1ana, en \u00a0el Edificio Jos\u00e9 Hern\u00e1ndez de la Universidad Nacional de Lan\u00fas, .<\/p>\n<p>Las palabras de bienvenida, en nombre de la Instituci\u00f3n de altos estudios, \u00a0estuvieron a cargo del Secretario de Cooperaci\u00f3n de la UNLa, \u00a0Gustavo Souto.<\/p>\n<p>Tras los saludos, expuso en primer lugar Santiago Fidanza, Subsecretario de organizaci\u00f3n comunitaria del Ministerio de Desarrollo de la Comunidad\u00a0 de Provincia de Buenos Aires.<\/p>\n<p>A su turno expuso Agust\u00edn Balladares, Presidente del Honorable Concejo Deliberante de Lan\u00fas, seguido por Marcela B\u00e1rcena, integrante del \u00e1rea infantil de la cartea de Desarrollo de la Comunidad. Luego expuso Alejandra Barcala, Directora del Doctorado de Salud Mental UNLa.<\/p>\n<p><img loading=\"lazy\" decoding=\"async\" class=\"size-medium wp-image-19683 alignleft\" src=\"https:\/\/www.visionweb.com.ar\/wp-content\/uploads\/2025\/11\/SAALUD-MENTAL-DOS-300x194.png\" alt=\"\" width=\"300\" height=\"194\" srcset=\"https:\/\/www.visionweb.com.ar\/wp-content\/uploads\/2025\/11\/SAALUD-MENTAL-DOS-300x194.png 300w, https:\/\/www.visionweb.com.ar\/wp-content\/uploads\/2025\/11\/SAALUD-MENTAL-DOS.png 640w\" sizes=\"auto, (max-width: 300px) 100vw, 300px\" \/>Tambi\u00e9n hicieron su presentaci\u00f3n Florencia Ib\u00e1\u00f1ez, estudiante de la Escuela \u00a0Secundaria N\u00ba 48 \u00a0y una de los integrantes del Proyecto de Radio \u00abHoy en la 48 se lee\u00bb.<\/p>\n<p>El panel fue moderado por Fernando Mart\u00ednez, Presidente del Consejo Social Comunitario de la UNLa y Consejero Superior.<\/p>\n<p>Posteriormente comenz\u00f3 el trabajo de Comisiones con la participaci\u00f3n de referentes de organizaciones sociales, comedores y centros Comunitarios.<\/p>\n<p>Adem\u00e1s participaron integrantes de la Fundaci\u00f3n Dipascua, Grupos Scout, Docentes de Salud Comunitaria de la\u00a0 UNLa, miembros de la Biblioteca Popular Monte\u00a0 Chingolo, integrantes del Consejo Social Comunitario de la UNLa, adem\u00e1s de \u00a0militantes de la Universidad Popular Barrios de Pie, entre otros.<\/p>\n<p>Entre las principales conclusiones de los debates de las comisiones se reconoci\u00f3 la necesidad de profundizar la organizaci\u00f3n en red entorno a tres ejes: Reconocer las potencialidades y el valioso aporte que hacen d\u00eda a d\u00eda los espacios para combatir los problemas de Salud Mental (Espacios de escucha, contenci\u00f3n y promoci\u00f3n humana).<\/p>\n<p>Continuar con la capacitaci\u00f3n y fortalecimiento de los espacios Comunitarios para el abordaje de la Salud Mental y profundizar la articulaci\u00f3n entre el Gobierno de la Provincia de Buenos Aires a trav\u00e9s de Programas y Pol\u00edticas P\u00fablicas de inclusi\u00f3n social, cultural y \u00a0deportiva.<\/p>\n<p>El encuentro se cerr\u00f3 con una Radio Abierta y grupo musical juvenil del Proyecto de Radio \u00abHoy en la 48 se lee\u201d.<\/p>\n<p>En este marco, Balladares, en declaraciones a los medios presentes \u00a0sostuvo, \u201c<em>Hoy junto al Subsecretario del Ministerio de Desarrollo del Gobierno de Axel Kicillof, dem\u00e1s funcionarios provinciales, a la Directora del Doctorado de Salud Mental,\u00a0 e \u00a0integrantes del Consejo Social\u00a0 de nuestra querida Universidad de Lan\u00fas, y tambi\u00e9n\u00a0 \u00a0junto \u00a0alumnos de escuelas secundarias, profesionales de la salud, y\u00a0 dirigentes de diferentes \u00e1mbitos,\u00a0 logramos trabajar sobre una problem\u00e1tica real que trasvasa a nuestra sociedad\u201d, <\/em>analiz\u00f3 el Edil<\/p>\n<p>Balladares agreg\u00f3 m\u00e1s adelante que: \u201c<em>Hoy dimos \u00a0otro paso m\u00e1s para construir alternativas;\u00a0 y lo hicimos con compa\u00f1eros y compa\u00f1eras; escuch\u00e1ndonos y aprendiendo de cada uno de nosotros, pero fundamentalmente los que estuvimos ac\u00e1, creemos que \u00e9sta \u00a0es la manera y la forma \u00a0de hacer pol\u00edtica, pensando y trabajando con y para la gente,\u00a0 aportando ideas y herramientas que generen \u00a0instancias o\u00a0 encuentros que marquen el camino para transformar la realidad<\/em>\u201d.<\/p>\n<p>Respecto del plano pol\u00edtico agreg\u00f3, <em>\u201cNo se puede mirar para otro lado o hacerse el distra\u00eddo, y no votarle las leyes que necesita nuestro Gobernador Kicillof ante tanta necesidad que padece la gente y lamentablemente \u00a0repercute en su salud mental\u201d<\/em><\/p>\n<p>or \u00faltimo el titular del legislativo de Lan\u00fas, sin mencionarlo exhort\u00f3 a los legisladores \u201c<em>a que<\/em> <em>\u00a0reflexionen por el bienestar de mis vecinos de Lan\u00fas, por los Bonaerenses, por todos y cada uno de los argentinos<strong>\u201d.<\/strong><\/em><strong>(VW)<\/strong><\/p>\n","protected":false},"excerpt":{"rendered":"<p>Articulado por el Consejo Social Comunitario de la Universidad Nacional de Lan\u00fas (UNLa), \u00a0se realiz\u00f3 en el \u00a0Edificio Jos\u00e9 Hern\u00e1ndez de la Casa de Altos Estudios.<\/p>\n","protected":false},"author":3,"featured_media":19682,"comment_status":"closed","ping_status":"closed","sticky":false,"template":"","format":"standard","meta":{"_monsterinsights_skip_tracking":false,"_monsterinsights_sitenote_active":false,"_monsterinsights_sitenote_note":"","_monsterinsights_sitenote_category":0,"footnotes":""},"categories":[4,5],"tags":[1071,8456,100],"class_list":["post-19681","post","type-post","status-publish","format-standard","has-post-thumbnail","hentry","category-politica","category-sociedad","tag-balladares","tag-mental-unla","tag-salud"],"_links":{"self":[{"href":"https:\/\/www.visionweb.com.ar\/index.php?rest_route=\/wp\/v2\/posts\/19681","targetHints":{"allow":["GET"]}}],"collection":[{"href":"https:\/\/www.visionweb.com.ar\/index.php?rest_route=\/wp\/v2\/posts"}],"about":[{"href":"https:\/\/www.visionweb.com.ar\/index.php?rest_route=\/wp\/v2\/types\/post"}],"author":[{"embeddable":true,"href":"https:\/\/www.visionweb.com.ar\/index.php?rest_route=\/wp\/v2\/users\/3"}],"replies":[{"embeddable":true,"href":"https:\/\/www.visionweb.com.ar\/index.php?rest_route=%2Fwp%2Fv2%2Fcomments&post=19681"}],"version-history":[{"count":1,"href":"https:\/\/www.visionweb.com.ar\/index.php?rest_route=\/wp\/v2\/posts\/19681\/revisions"}],"predecessor-version":[{"id":19684,"href":"https:\/\/www.visionweb.com.ar\/index.php?rest_route=\/wp\/v2\/posts\/19681\/revisions\/19684"}],"wp:featuredmedia":[{"embeddable":true,"href":"https:\/\/www.visionweb.com.ar\/index.php?rest_route=\/wp\/v2\/media\/19682"}],"wp:attachment":[{"href":"https:\/\/www.visionweb.com.ar\/index.php?rest_route=%2Fwp%2Fv2%2Fmedia&parent=19681"}],"wp:term":[{"taxonomy":"category","embeddable":true,"href":"https:\/\/www.visionweb.com.ar\/index.php?rest_route=%2Fwp%2Fv2%2Fcategories&post=19681"},{"taxonomy":"post_tag","embeddable":true,"href":"https:\/\/www.visionweb.com.ar\/index.php?rest_route=%2Fwp%2Fv2%2Ftags&post=19681"}],"curies":[{"name":"wp","href":"https:\/\/api.w.org\/{rel}","templated":true}]}}