{"id":19678,"date":"2025-11-28T19:33:55","date_gmt":"2025-11-28T22:33:55","guid":{"rendered":"https:\/\/www.visionweb.com.ar\/?p=19678"},"modified":"2025-11-28T19:34:36","modified_gmt":"2025-11-28T22:34:36","slug":"los-pasajes-de-colectivos-que-circulan-en-la-provincia-de-buenos-aires-aumentaran-15","status":"publish","type":"post","link":"https:\/\/www.visionweb.com.ar\/?p=19678","title":{"rendered":"Los pasajes de colectivos que circulan en el \u00e1mbito bonaerense aumentar\u00e1n 15%"},"content":{"rendered":"<p><em><strong>A partir de diciembre, viajar en transporte p\u00fablico ser\u00e1 15% m\u00e1s caro. Los aumentos fueron dispuestos por la administraci\u00f3n de Axel Kicillof. <\/strong><\/em><!--more--><\/p>\n<p>El boleto de los colectivos urbanos bonaerenses que circulan en el \u00c1rea Metropolitana de Buenos Aires (AMBA) subir\u00e1 un 14,8% desde el 1\u00b0 de diciembre por un ajuste extraordinario propuesto por el Gobierno provincial.\u00a0Se trata de las l\u00edneas que circulan por el territorio y no ingresan a la Ciudad Aut\u00f3noma de Buenos Aires.<\/p>\n<p>La decisi\u00f3n, establecida por la administraci\u00f3n de Axel Kicillof a trav\u00e9s de una resoluci\u00f3n publicada este viernes en el Bolet\u00edn Oficial, introduce un incremento de un 10% extra al c\u00e1lculo mensual de inflaci\u00f3n (2,4% seg\u00fan IPC en GBA) + 2 puntos.<\/p>\n<p>Este nuevo ajuste se calcula en base a la inflaci\u00f3n del Gran Buenos Aires, medida por el Indec, en el mes previo al que se aplica la actualizaci\u00f3n <strong>m\u00e1s un 2%. <\/strong><\/p>\n<p>Si se tiene en cuenta que para la regi\u00f3n GBA, el \u00cdndice de Precios al Consumidor (IPC) de octubre arroj\u00f3 un alza del <strong>2,4%<\/strong>, el aumento por este mecanismo llega al\u00a0<strong>4,4% en diciembre.<\/strong><\/p>\n<p>La estructura tarifaria que entra en vigor apunta a recomponer los ingresos de las empresas concesionarias y afrontar los mayores costos asociados a la operaci\u00f3n, entre ellos el valor del combustible y el mantenimiento del parque automotor.<\/p>\n<p>El ajuste del 10% extra tiene el objetivo de \u201crecomponer los ingresos del sistema, incrementando la recaudaci\u00f3n tarifaria en la estructura de financiamiento del servicio y reduciendo la necesidad de aportes derivados del R\u00e9gimen de Compensaciones Tarifarias\u201d, seg\u00fan se indic\u00f3.<\/p>\n<p>El esquema diferencia a <strong>las l\u00edneas bonaerenses del resto de los servicios de transporte de la regi\u00f3n metropolitana.\u00a0<\/strong>En el \u00e1rea metropolitana, el transporte divide su esquema tarifario seg\u00fan el trayecto de cada l\u00ednea.<\/p>\n<p>Las l\u00edneas que recorren s\u00f3lo la provincia usan tarifas fijadas por la Gobernaci\u00f3n, mientras que<strong> los colectivos que solo viajan por CABA dependen de la administraci\u00f3n porte\u00f1a y los servicios nacionales, que atraviesan ambos distritos, tienen sus tarifas definidas a nivel federal.<\/strong><\/p>\n<p><strong>Las nuevas tarifas<\/strong><\/p>\n<p><strong>Con el aumento del 14,9%,\u00a0 el cuadro tarifario ser\u00e1 el siguiente ser\u00eda a partir del 1\u00ba de diciembre:<\/strong><\/p>\n<ul>\n<li>Tramo 0-3 km: de $624,14 a $717,09<\/li>\n<li>Tramo 3-6 km: de $681,35 a $782,83<\/li>\n<li>Tramo 6-12 km: de $737,29 a $847,10<\/li>\n<li>Tramo 12-27 km: de $789,59 a $907,18<\/li>\n<li>Tramo m\u00e1s de 27 km: de $833,18 a $957,27<\/li>\n<\/ul>\n<p><strong><em>Para el caso de los pasajeros que utilicen la tarjeta sube no registrada los montos ser\u00e1n los siguientes<\/em><\/strong><\/p>\n<ul>\n<li>Tramo de 0-3 km: de $992,38 a $1.140,17<\/li>\n<li>Tramo de 3-6 km: de $1.083,35 a $1.244,69<\/li>\n<li>Tramo de 6-12 km: de $1.172,29 a $1.346,88<\/li>\n<li>Tramo de 12-27 km: de $1.255,45 a $1.442,42<\/li>\n<li>Tramo m\u00e1s de 27 km: de $1.324,76 a $1.522,05 <strong>(VW)<\/strong><\/li>\n<\/ul>\n","protected":false},"excerpt":{"rendered":"<p>A partir de diciembre, viajar en transporte p\u00fablico ser\u00e1 15% m\u00e1s caro. Los aumentos fueron dispuestos por la administraci\u00f3n de Axel Kicillof.<\/p>\n","protected":false},"author":3,"featured_media":18218,"comment_status":"closed","ping_status":"closed","sticky":false,"template":"","format":"standard","meta":{"_monsterinsights_skip_tracking":false,"_monsterinsights_sitenote_active":false,"_monsterinsights_sitenote_note":"","_monsterinsights_sitenote_category":0,"footnotes":""},"categories":[8],"tags":[141,705,564],"class_list":["post-19678","post","type-post","status-publish","format-standard","has-post-thumbnail","hentry","category-interes-general","tag-aumentos","tag-colectivos","tag-tarifas"],"_links":{"self":[{"href":"https:\/\/www.visionweb.com.ar\/index.php?rest_route=\/wp\/v2\/posts\/19678","targetHints":{"allow":["GET"]}}],"collection":[{"href":"https:\/\/www.visionweb.com.ar\/index.php?rest_route=\/wp\/v2\/posts"}],"about":[{"href":"https:\/\/www.visionweb.com.ar\/index.php?rest_route=\/wp\/v2\/types\/post"}],"author":[{"embeddable":true,"href":"https:\/\/www.visionweb.com.ar\/index.php?rest_route=\/wp\/v2\/users\/3"}],"replies":[{"embeddable":true,"href":"https:\/\/www.visionweb.com.ar\/index.php?rest_route=%2Fwp%2Fv2%2Fcomments&post=19678"}],"version-history":[{"count":2,"href":"https:\/\/www.visionweb.com.ar\/index.php?rest_route=\/wp\/v2\/posts\/19678\/revisions"}],"predecessor-version":[{"id":19680,"href":"https:\/\/www.visionweb.com.ar\/index.php?rest_route=\/wp\/v2\/posts\/19678\/revisions\/19680"}],"wp:featuredmedia":[{"embeddable":true,"href":"https:\/\/www.visionweb.com.ar\/index.php?rest_route=\/wp\/v2\/media\/18218"}],"wp:attachment":[{"href":"https:\/\/www.visionweb.com.ar\/index.php?rest_route=%2Fwp%2Fv2%2Fmedia&parent=19678"}],"wp:term":[{"taxonomy":"category","embeddable":true,"href":"https:\/\/www.visionweb.com.ar\/index.php?rest_route=%2Fwp%2Fv2%2Fcategories&post=19678"},{"taxonomy":"post_tag","embeddable":true,"href":"https:\/\/www.visionweb.com.ar\/index.php?rest_route=%2Fwp%2Fv2%2Ftags&post=19678"}],"curies":[{"name":"wp","href":"https:\/\/api.w.org\/{rel}","templated":true}]}}