{"id":19427,"date":"2025-10-30T21:18:53","date_gmt":"2025-10-31T00:18:53","guid":{"rendered":"https:\/\/www.visionweb.com.ar\/?p=19427"},"modified":"2025-10-30T21:20:48","modified_gmt":"2025-10-31T00:20:48","slug":"el-boliche-de-lanus-omi-anuncio-el-cierre-definitivo-tras-un-cumpleanos-que-termino-a-los-piedrazos","status":"publish","type":"post","link":"https:\/\/www.visionweb.com.ar\/?p=19427","title":{"rendered":"El boliche de Lan\u00fas \u201cOMI\u201d anunci\u00f3 el cierre definitivo, tras un cumplea\u00f1os que termin\u00f3 a los piedrazos"},"content":{"rendered":"<p><em><strong>La decisi\u00f3n fue anunciada por redes sociales d\u00edas despu\u00e9s de una violenta pelea que dej\u00f3 heridos y destrozos. \u201cNos vamos\u201d, expresaron sus due\u00f1os en un comunicado, luego de siete a\u00f1os de funcionamiento.<\/strong><\/em><!--more--><\/p>\n<p><strong> <img loading=\"lazy\" decoding=\"async\" class=\"size-full wp-image-19429 alignright\" src=\"https:\/\/www.visionweb.com.ar\/wp-content\/uploads\/2025\/10\/omi-lanus-cierra.png\" alt=\"\" width=\"300\" height=\"163\" \/>\u00a0\u00a0 \u00a0\u00a0\u00a0\u00a0\u00a0\u00a0\u00a0 E<\/strong>l boliche <strong>OMI bar, Resto &amp; Music<\/strong>, ubicado en Jos\u00e9 Mar\u00eda Moreno 142 de Lan\u00fas, anunci\u00f3 el <strong>cierre definitivo de sus puertas<\/strong>, luego de un violento episodio ocurrido el pasado fin de semana, que dej\u00f3 heridos y gener\u00f3 una investigaci\u00f3n judicial.<\/p>\n<p><strong>Los incidentes ocurridos durante un cumplea\u00f1os dejaron heridos y da\u00f1os materiales.\u00a0<\/strong>La firma puso fin a siete a\u00f1os de actividad en el centro del distrito, seg\u00fan <strong>comunicaron sus due\u00f1os a trav\u00e9s de las redes sociales<\/strong>.<\/p>\n<p><strong>\u201cNos vamos\u201d, expresaron en un comunicado<\/strong> donde lamentaron la decisi\u00f3n y agradecieron a empleados, clientes y amigos.\u00a0<strong>\u201cDespu\u00e9s de 7 a\u00f1os de trabajo y sacrificio hoy nos vemos obligados a tomar una decisi\u00f3n que lamentamos mucho. Frente a una situaci\u00f3n que nos es completamente ajena, Omi decide cerrar sus puertas\u201d<\/strong>, indicaron.<\/p>\n<p><strong><img loading=\"lazy\" decoding=\"async\" class=\"size-full wp-image-19428 alignleft\" src=\"https:\/\/www.visionweb.com.ar\/wp-content\/uploads\/2025\/10\/omi-disturbios.png\" alt=\"\" width=\"262\" height=\"187\" \/>Los episodios de violencia en OMI se registraron dentro y fuera del local.\u00a0<\/strong>Todo comenz\u00f3 durante una presentaci\u00f3n musical, cuando una <strong>discusi\u00f3n entre invitados deriv\u00f3 en golpes<\/strong> y la intervenci\u00f3n del personal de seguridad.<strong>\u00a0En la vereda, el conflicto escal\u00f3 con destrozos, lanzamiento de piedras y da\u00f1os en el frente vidriado del establecimiento.<\/strong> <strong>Hubo corridas, destrozos, heridos y denuncias cruzadas. La justicia investiga.<\/strong><\/p>\n<p>Seg\u00fan el parte policial, dos personas resultaron heridas y fueron atendidas en el Hospital Evita. La investigaci\u00f3n qued\u00f3 a cargo de la UFI N\u00b06 de Lan\u00fas, que abri\u00f3 una causa por \u201clesiones\u201d y tom\u00f3 declaraci\u00f3n a los involucrados, mientras los responsables del local insisten en que el hecho se origin\u00f3 entre clientes y no por acci\u00f3n del personal, indic\u00f3 InfoRegi\u00f3n.<\/p>\n<p>El cierre de OMI no solo marca el fin de un espacio nocturno con siete a\u00f1os de trayectoria, sino que tambi\u00e9n deja interrogantes sobre la seguridad en los boliches y la regulaci\u00f3n estatal de estos espacios. <strong>(VW)<\/strong><\/p>\n","protected":false},"excerpt":{"rendered":"<p>La decisi\u00f3n fue anunciada por redes sociales d\u00edas despu\u00e9s de una violenta pelea que dej\u00f3 heridos y destrozos. \u201cNos vamos\u201d, expresaron sus due\u00f1os en un comunicado, luego de siete a\u00f1os de funcionamiento.<\/p>\n","protected":false},"author":4,"featured_media":19429,"comment_status":"closed","ping_status":"closed","sticky":false,"template":"","format":"standard","meta":{"_monsterinsights_skip_tracking":false,"_monsterinsights_sitenote_active":false,"_monsterinsights_sitenote_note":"","_monsterinsights_sitenote_category":0,"footnotes":""},"categories":[5],"tags":[714,8330],"class_list":["post-19427","post","type-post","status-publish","format-standard","has-post-thumbnail","hentry","category-sociedad","tag-cierre","tag-omi-lanus"],"_links":{"self":[{"href":"https:\/\/www.visionweb.com.ar\/index.php?rest_route=\/wp\/v2\/posts\/19427","targetHints":{"allow":["GET"]}}],"collection":[{"href":"https:\/\/www.visionweb.com.ar\/index.php?rest_route=\/wp\/v2\/posts"}],"about":[{"href":"https:\/\/www.visionweb.com.ar\/index.php?rest_route=\/wp\/v2\/types\/post"}],"author":[{"embeddable":true,"href":"https:\/\/www.visionweb.com.ar\/index.php?rest_route=\/wp\/v2\/users\/4"}],"replies":[{"embeddable":true,"href":"https:\/\/www.visionweb.com.ar\/index.php?rest_route=%2Fwp%2Fv2%2Fcomments&post=19427"}],"version-history":[{"count":3,"href":"https:\/\/www.visionweb.com.ar\/index.php?rest_route=\/wp\/v2\/posts\/19427\/revisions"}],"predecessor-version":[{"id":19432,"href":"https:\/\/www.visionweb.com.ar\/index.php?rest_route=\/wp\/v2\/posts\/19427\/revisions\/19432"}],"wp:featuredmedia":[{"embeddable":true,"href":"https:\/\/www.visionweb.com.ar\/index.php?rest_route=\/wp\/v2\/media\/19429"}],"wp:attachment":[{"href":"https:\/\/www.visionweb.com.ar\/index.php?rest_route=%2Fwp%2Fv2%2Fmedia&parent=19427"}],"wp:term":[{"taxonomy":"category","embeddable":true,"href":"https:\/\/www.visionweb.com.ar\/index.php?rest_route=%2Fwp%2Fv2%2Fcategories&post=19427"},{"taxonomy":"post_tag","embeddable":true,"href":"https:\/\/www.visionweb.com.ar\/index.php?rest_route=%2Fwp%2Fv2%2Ftags&post=19427"}],"curies":[{"name":"wp","href":"https:\/\/api.w.org\/{rel}","templated":true}]}}