{"id":19403,"date":"2025-10-29T08:00:58","date_gmt":"2025-10-29T11:00:58","guid":{"rendered":"https:\/\/www.visionweb.com.ar\/?p=19403"},"modified":"2025-10-28T20:45:42","modified_gmt":"2025-10-28T23:45:42","slug":"se-abrio-la-inscripcion-para-la-entrega-de-plantines-para-huertas-comunitarias","status":"publish","type":"post","link":"https:\/\/www.visionweb.com.ar\/?p=19403","title":{"rendered":"Se abri\u00f3 la inscripci\u00f3n para la entrega de plantines para huertas comunitarias"},"content":{"rendered":"<p><strong><em>Es en el marco del programa Huerta Urbana Bonaerense del Ministerio de Desarrollo Agrario de la provincia de Buenos Aires.<\/em><\/strong><!--more--><\/p>\n<p><img loading=\"lazy\" decoding=\"async\" class=\"size-medium wp-image-19404 alignright\" src=\"https:\/\/www.visionweb.com.ar\/wp-content\/uploads\/2025\/10\/HUERTAS-300x223.png\" alt=\"\" width=\"300\" height=\"223\" srcset=\"https:\/\/www.visionweb.com.ar\/wp-content\/uploads\/2025\/10\/HUERTAS-300x223.png 300w, https:\/\/www.visionweb.com.ar\/wp-content\/uploads\/2025\/10\/HUERTAS.png 640w\" sizes=\"auto, (max-width: 300px) 100vw, 300px\" \/>El programa Huerta Urbana Bonaerense, motorizado por el Ministerio de Desarrollo Agrario de la provincia de Buenos Aires, mantiene abierta su inscripci\u00f3n para los plantines de primavera-verano hasta el 31 de octubre.<\/p>\n<div class=\"m_-2077049241977993476u-row-container\">\n<div class=\"m_-2077049241977993476u-row\">\n<div class=\"m_-2077049241977993476u-col m_-2077049241977993476u-col-100\">\n<p>Pueden inscribirse a este programa huertas comunitarias, a trav\u00e9s de instituciones, clubes, asociaciones y organizaciones que tengan o proyecten una huerta urbana comunitaria a partir de 40 m\u00b2; y plantineras municipales, ya sea para iniciar o para fortalecer plantineras locales de municipios que adhieran al programa. En todos los casos, el programa contempla la entrega de plantines, capacitaciones y acompa\u00f1amiento t\u00e9cnico.<\/p>\n<p><strong>Una pol\u00edtica para fortalecer la producci\u00f3n<\/strong><\/p>\n<p>Huerta Urbana Bonaerense tiene como objetivo fomentar la producci\u00f3n local de alimentos frescos a partir de la realizaci\u00f3n de huertas familiares y comunitarias donde se propician las pr\u00e1cticas agroecol\u00f3gicas.<\/p>\n<p><em>\u201cEn el gobierno de la provincia de Buenos Aires tenemos claro que no nos podemos desentender de la producci\u00f3n y el consumo de alimentos, que hoy est\u00e1n en crisis\u201d<\/em>, apunt\u00f3 el ministro Javier Rodr\u00edguez.<\/p>\n<p><em>\u201cEl plan de ajuste a las grandes mayor\u00edas, que parece no encontrar fondo, est\u00e1 afectando el acceso de la poblaci\u00f3n a una alimentaci\u00f3n adecuada\u201d.<\/em><\/p>\n<p>\u201cHuerta Urbana Bonaerense de alg\u00fan modo mantiene el esp\u00edritu del ProHuerta, el emblem\u00e1tico programa del INTA que llevaba 34 a\u00f1os en funcionamiento cuando el gobierno de Milei lo discontinu\u00f3 de un plumazo\u201d, sostuvo Javier Rodr\u00edguez, refiri\u00e9ndose al programa que llevaba m\u00e1s de 600 mil huertas familiares y escolares creadas, m\u00e1s de 1 mill\u00f3n de kits de semillas entregadas y 170 mil personas capacitadas cuando el gobierno nacional lo desmantel\u00f3 en 2024.<\/p>\n<p>Por \u00faltimo, el ministro se refiri\u00f3 a la funci\u00f3n comunitaria del programa provincial: \u201cAdem\u00e1s de la producci\u00f3n y el consumo de alimentos sanos, esta pol\u00edtica tiene un componente social y educativo: estamos convencidos de que la huerta puede ser un espacio privilegiado para afianzar las comunidades\u201d.<\/p>\n<p><strong>C\u00f3mo inscribirse<\/strong><\/p>\n<p>La inscripci\u00f3n es a trav\u00e9s de la plataforma Mi MDA: https:\/\/mi.mda.gba.gob.ar\/huertas\/urbanas\/formulario<\/p>\n<p>Las huertas beneficiarias ser\u00e1n contactadas desde el Ministerio de Desarrollo Agrario. La fecha l\u00edmite para la inscripci\u00f3n es el 31 de octubre. Para consultas, escribir a huerta.urbana.bonaerense@mda.gba.gob.ar<\/p>\n<p><strong>M\u00e1s informaci\u00f3n:<\/strong> https:\/\/www.gba.gob.ar\/desarrollo_agrario\/direccion_de_produccion_para_la_agricultura_familiar\/programa_huerta<strong>(VW)<\/strong><\/p>\n<\/div>\n<\/div>\n<\/div>\n","protected":false},"excerpt":{"rendered":"<p>Es en el marco del programa Huerta Urbana Bonaerense del Ministerio de Desarrollo Agrario de la provincia de Buenos Aires.<\/p>\n","protected":false},"author":3,"featured_media":19404,"comment_status":"closed","ping_status":"closed","sticky":false,"template":"","format":"standard","meta":{"_monsterinsights_skip_tracking":false,"_monsterinsights_sitenote_active":false,"_monsterinsights_sitenote_note":"","_monsterinsights_sitenote_category":0,"footnotes":""},"categories":[5],"tags":[4442,850,3008,4903],"class_list":["post-19403","post","type-post","status-publish","format-standard","has-post-thumbnail","hentry","category-sociedad","tag-huertas","tag-inscripcion","tag-mda","tag-urbanas"],"_links":{"self":[{"href":"https:\/\/www.visionweb.com.ar\/index.php?rest_route=\/wp\/v2\/posts\/19403","targetHints":{"allow":["GET"]}}],"collection":[{"href":"https:\/\/www.visionweb.com.ar\/index.php?rest_route=\/wp\/v2\/posts"}],"about":[{"href":"https:\/\/www.visionweb.com.ar\/index.php?rest_route=\/wp\/v2\/types\/post"}],"author":[{"embeddable":true,"href":"https:\/\/www.visionweb.com.ar\/index.php?rest_route=\/wp\/v2\/users\/3"}],"replies":[{"embeddable":true,"href":"https:\/\/www.visionweb.com.ar\/index.php?rest_route=%2Fwp%2Fv2%2Fcomments&post=19403"}],"version-history":[{"count":1,"href":"https:\/\/www.visionweb.com.ar\/index.php?rest_route=\/wp\/v2\/posts\/19403\/revisions"}],"predecessor-version":[{"id":19405,"href":"https:\/\/www.visionweb.com.ar\/index.php?rest_route=\/wp\/v2\/posts\/19403\/revisions\/19405"}],"wp:featuredmedia":[{"embeddable":true,"href":"https:\/\/www.visionweb.com.ar\/index.php?rest_route=\/wp\/v2\/media\/19404"}],"wp:attachment":[{"href":"https:\/\/www.visionweb.com.ar\/index.php?rest_route=%2Fwp%2Fv2%2Fmedia&parent=19403"}],"wp:term":[{"taxonomy":"category","embeddable":true,"href":"https:\/\/www.visionweb.com.ar\/index.php?rest_route=%2Fwp%2Fv2%2Fcategories&post=19403"},{"taxonomy":"post_tag","embeddable":true,"href":"https:\/\/www.visionweb.com.ar\/index.php?rest_route=%2Fwp%2Fv2%2Ftags&post=19403"}],"curies":[{"name":"wp","href":"https:\/\/api.w.org\/{rel}","templated":true}]}}