{"id":19397,"date":"2025-10-28T14:03:57","date_gmt":"2025-10-28T17:03:57","guid":{"rendered":"https:\/\/www.visionweb.com.ar\/?p=19397"},"modified":"2025-10-28T14:03:57","modified_gmt":"2025-10-28T17:03:57","slug":"noviembre-llega-con-aumento-de-los-colectivos-en-el-amba","status":"publish","type":"post","link":"https:\/\/www.visionweb.com.ar\/?p=19397","title":{"rendered":"Noviembre llega con aumento de los colectivos en el AMBA"},"content":{"rendered":"<p><em><strong>Las tarifas de colectivos se actualizan en provincia de Buenos Aires y CABA. Se ajustar\u00e1n 4,1% desde el s\u00e1bado 1\u00b0 de noviembre. El boleto m\u00ednimo con Sube registrada pasa de $550,30 a $572,86.<\/strong><\/em><!--more--><\/p>\n<p><img loading=\"lazy\" decoding=\"async\" class=\"size-medium wp-image-17974 alignright\" src=\"https:\/\/www.visionweb.com.ar\/wp-content\/uploads\/2025\/04\/COLECTIVO-SUBE-300x168.png\" alt=\"\" width=\"300\" height=\"168\" srcset=\"https:\/\/www.visionweb.com.ar\/wp-content\/uploads\/2025\/04\/COLECTIVO-SUBE-300x168.png 300w, https:\/\/www.visionweb.com.ar\/wp-content\/uploads\/2025\/04\/COLECTIVO-SUBE.png 640w\" sizes=\"auto, (max-width: 300px) 100vw, 300px\" \/>\u00a0\u00a0 <strong>D<\/strong>esde este s\u00e1bado 1 de noviembre los usuarios del transporte p\u00fablico comenzar\u00e1n a pagar los boletos de<strong>\u00a0colectivos<\/strong>\u00a0<strong>con un ajuste del<\/strong>\u00a0<strong>4,1%\u00a0<\/strong>en la\u00a0<strong>provincia de Buenos Aires<\/strong>\u00a0y en la <strong>Ciudad Aut\u00f3noma de Buenos Aires<\/strong>.<\/p>\n<p>En el marco de la pol\u00edtica del\u00a0<strong>Gobierno<\/strong> que busca <strong>seguir recortando los subsidios<\/strong> al transporte de pasajeros, el <strong>ministerio de Transporte<\/strong> record\u00f3 que desde el 1 de noviembre el\u00a0<strong>boleto m\u00ednimo\u00a0<\/strong>de las l\u00edneas que circulan en el conurbano bonaerense pasar\u00e1 a\u00a0<strong>$572,86<\/strong>.<\/p>\n<p>Mientras para las unidades que brindan servicio en el territorio porte\u00f1o, el boleto ser\u00e1 de\u00a0<strong>$568,91<\/strong>. Sin embargo, resta que las autoridades provinciales formalicen el incremento.<\/p>\n<p>En lo que va del a\u00f1o, los cuadros tarifarios del transporte automotor acumulan un alza de\u00a0<strong>54,44%\u00a0<\/strong>en PBA y\u00a0<strong>53,36%<\/strong>\u00a0en\u00a0Caba. En octubre, las tarifas subieron\u00a0<strong>3,9%\u00a0<\/strong>en ambas jurisdicciones.<\/p>\n<p><strong>Cu\u00e1nto costar\u00e1 el boleto en PBA<\/strong><\/p>\n<p>A continuaci\u00f3n, las nuevas tarifas de los\u00a0colectivos que pertenecen a las l\u00edneas numeradas del 200 en adelante:<\/p>\n<ul>\n<li><strong>El boleto m\u00ednimo (entre 0 y 3 kil\u00f3metros): <\/strong>pasa de $550,30<strong> a $572,86<\/strong><\/li>\n<li><strong>Tramo de 3 a 6 km: $638,16<\/strong><\/li>\n<li><strong>Tramo de 6 a 12 kil\u00f3metros: $687,32<\/strong><\/li>\n<li><strong>Viajes de 12 a 27 km: $736,53<\/strong><\/li>\n<li><strong>Tarjeta SUBE sin nominalizar: <\/strong>de $910,85<strong> hasta $1248,79<\/strong><\/li>\n<\/ul>\n<p><strong>La excepci\u00f3n son los colectivos de jurisdicci\u00f3n nacional<\/strong>, cuya <strong>tarifa la fija el Gobierno<\/strong> de Javier Milei con un calendario de aumentos, que\u00a0<strong>no present\u00f3 modificaciones desde mediados de julio<\/strong>. <strong>(VW)<\/strong><\/p>\n","protected":false},"excerpt":{"rendered":"<p>Las tarifas de colectivos se actualizan en provincia de Buenos Aires y CABA. Se ajustar\u00e1n 4,1% desde el s\u00e1bado 1\u00b0 de noviembre. El boleto m\u00ednimo con Sube registrada pasa de $550,30 a $572,86.<\/p>\n","protected":false},"author":4,"featured_media":17974,"comment_status":"closed","ping_status":"closed","sticky":false,"template":"","format":"standard","meta":{"_monsterinsights_skip_tracking":false,"_monsterinsights_sitenote_active":false,"_monsterinsights_sitenote_note":"","_monsterinsights_sitenote_category":0,"footnotes":""},"categories":[6,5],"tags":[8311,5341],"class_list":["post-19397","post","type-post","status-publish","format-standard","has-post-thumbnail","hentry","category-economia","category-sociedad","tag-aumentan-colectivos-amba","tag-noviembre"],"_links":{"self":[{"href":"https:\/\/www.visionweb.com.ar\/index.php?rest_route=\/wp\/v2\/posts\/19397","targetHints":{"allow":["GET"]}}],"collection":[{"href":"https:\/\/www.visionweb.com.ar\/index.php?rest_route=\/wp\/v2\/posts"}],"about":[{"href":"https:\/\/www.visionweb.com.ar\/index.php?rest_route=\/wp\/v2\/types\/post"}],"author":[{"embeddable":true,"href":"https:\/\/www.visionweb.com.ar\/index.php?rest_route=\/wp\/v2\/users\/4"}],"replies":[{"embeddable":true,"href":"https:\/\/www.visionweb.com.ar\/index.php?rest_route=%2Fwp%2Fv2%2Fcomments&post=19397"}],"version-history":[{"count":1,"href":"https:\/\/www.visionweb.com.ar\/index.php?rest_route=\/wp\/v2\/posts\/19397\/revisions"}],"predecessor-version":[{"id":19398,"href":"https:\/\/www.visionweb.com.ar\/index.php?rest_route=\/wp\/v2\/posts\/19397\/revisions\/19398"}],"wp:featuredmedia":[{"embeddable":true,"href":"https:\/\/www.visionweb.com.ar\/index.php?rest_route=\/wp\/v2\/media\/17974"}],"wp:attachment":[{"href":"https:\/\/www.visionweb.com.ar\/index.php?rest_route=%2Fwp%2Fv2%2Fmedia&parent=19397"}],"wp:term":[{"taxonomy":"category","embeddable":true,"href":"https:\/\/www.visionweb.com.ar\/index.php?rest_route=%2Fwp%2Fv2%2Fcategories&post=19397"},{"taxonomy":"post_tag","embeddable":true,"href":"https:\/\/www.visionweb.com.ar\/index.php?rest_route=%2Fwp%2Fv2%2Ftags&post=19397"}],"curies":[{"name":"wp","href":"https:\/\/api.w.org\/{rel}","templated":true}]}}