{"id":19395,"date":"2025-10-28T13:48:32","date_gmt":"2025-10-28T16:48:32","guid":{"rendered":"https:\/\/www.visionweb.com.ar\/?p=19395"},"modified":"2025-10-28T13:48:32","modified_gmt":"2025-10-28T16:48:32","slug":"talleres-de-remedios-de-escalada-tiene-un-nuevo-gerente-deportivo","status":"publish","type":"post","link":"https:\/\/www.visionweb.com.ar\/?p=19395","title":{"rendered":"Talleres de Remedios de Escalada tiene un nuevo gerente deportivo"},"content":{"rendered":"<p><em><strong>Se trata del nuevo manager\u00a0Fabio Quatrocchi, quien<\/strong> <strong>tendr\u00e1 el desaf\u00edo de elegir nuevo entrenador.<\/strong> <strong>Tras el descenso a la Primera B Metropolitana, har\u00e1 lo imposible para volver a la Primera Nacional. \u00a0<\/strong><\/em><!--more--><\/p>\n<div id=\"attachment_12193\" style=\"width: 310px\" class=\"wp-caption alignright\"><img loading=\"lazy\" decoding=\"async\" aria-describedby=\"caption-attachment-12193\" class=\"wp-image-12193 size-medium\" src=\"https:\/\/www.visionweb.com.ar\/wp-content\/uploads\/2023\/10\/talleres-de-remedios-de-escalada-300x190.png\" alt=\"\" width=\"300\" height=\"190\" srcset=\"https:\/\/www.visionweb.com.ar\/wp-content\/uploads\/2023\/10\/talleres-de-remedios-de-escalada-300x190.png 300w, https:\/\/www.visionweb.com.ar\/wp-content\/uploads\/2023\/10\/talleres-de-remedios-de-escalada.png 546w\" sizes=\"auto, (max-width: 300px) 100vw, 300px\" \/><p id=\"caption-attachment-12193\" class=\"wp-caption-text\">Foto archivo<\/p><\/div>\n<p><strong>Talleres de Remedios de Escalada<\/strong> estudia el dise\u00f1o de su esquema para intentar regresar a la <strong>Primera Nacional<\/strong> para lo cual\u00a0<strong>volver\u00e1 a los entrenamientos el pr\u00f3ximo 3 de noviembre<\/strong>, y en ese sentido, desde la dirigencia <strong>definieron a la nueva cabeza de la subcomisi\u00f3n de f\u00fatbol<\/strong>.<\/p>\n<p>El elegido para esa funci\u00f3n es\u00a0<strong>Fabio Quatrocchi<\/strong>, quien ser\u00e1 el <strong>nuevo manager de Talleres<\/strong>, y tiene una vida ligada a la entidad, dado que fue jugador en la d\u00e9cada 80, tambi\u00e9n dirigi\u00f3 al equipo senior de Tallar\u00edn y form\u00f3 parte del cuerpo t\u00e9cnico de Norberto D\u2019Angelo en el \u00faltimo paso del experimentado entrenador por el club, en la temporada 2022 en la Primera B.<\/p>\n<p>Quatrocchi, que es el padre de la actriz Eva De Dominici, inicia una nueva tarea y el primer desaf\u00edo que tendr\u00e1 por delante ser\u00e1\u00a0<strong>la elecci\u00f3n del entrenador\u00a0<\/strong>para que, a partir de all\u00ed, comenzar a trabajar en el armado del plantel.<\/p>\n<p>Mientras tanto, ya est\u00e1 establecido\u00a0<strong>quienes lo acompa\u00f1ar\u00e1n<\/strong>\u00a0en la funci\u00f3n: estar\u00e1 vinculado con los directivos Gustavo Medina (Tesorer\u00eda) y Sebasti\u00e1n Pezzola (Log\u00edstica), quienes completan la Subcomisi\u00f3n junto a Mat\u00edas Alastra (videoan\u00e1lisis y scouting) y Sebasti\u00e1n V\u00e9lez (Asesor y delegado en AFA). <strong>(VW)<\/strong><\/p>\n<p>&nbsp;<\/p>\n","protected":false},"excerpt":{"rendered":"<p>Se trata del nuevo manager\u00a0Fabio Quatrocchi, quien tendr\u00e1 el desaf\u00edo de elegir nuevo entrenador. Tras el descenso a la Primera B Metropolitana, har\u00e1 lo imposible para volver a la Primera Nacional. \u00a0<\/p>\n","protected":false},"author":4,"featured_media":12193,"comment_status":"closed","ping_status":"closed","sticky":false,"template":"","format":"standard","meta":{"_monsterinsights_skip_tracking":false,"_monsterinsights_sitenote_active":false,"_monsterinsights_sitenote_note":"","_monsterinsights_sitenote_category":0,"footnotes":""},"categories":[8],"tags":[8309,8308,4559,8310],"class_list":["post-19395","post","type-post","status-publish","format-standard","has-post-thumbnail","hentry","category-interes-general","tag-fabio-quatrocci","tag-nuevo-manager","tag-talleres-de-remedios-de-escalada","tag-volver-a-primera-nacional"],"_links":{"self":[{"href":"https:\/\/www.visionweb.com.ar\/index.php?rest_route=\/wp\/v2\/posts\/19395","targetHints":{"allow":["GET"]}}],"collection":[{"href":"https:\/\/www.visionweb.com.ar\/index.php?rest_route=\/wp\/v2\/posts"}],"about":[{"href":"https:\/\/www.visionweb.com.ar\/index.php?rest_route=\/wp\/v2\/types\/post"}],"author":[{"embeddable":true,"href":"https:\/\/www.visionweb.com.ar\/index.php?rest_route=\/wp\/v2\/users\/4"}],"replies":[{"embeddable":true,"href":"https:\/\/www.visionweb.com.ar\/index.php?rest_route=%2Fwp%2Fv2%2Fcomments&post=19395"}],"version-history":[{"count":1,"href":"https:\/\/www.visionweb.com.ar\/index.php?rest_route=\/wp\/v2\/posts\/19395\/revisions"}],"predecessor-version":[{"id":19396,"href":"https:\/\/www.visionweb.com.ar\/index.php?rest_route=\/wp\/v2\/posts\/19395\/revisions\/19396"}],"wp:featuredmedia":[{"embeddable":true,"href":"https:\/\/www.visionweb.com.ar\/index.php?rest_route=\/wp\/v2\/media\/12193"}],"wp:attachment":[{"href":"https:\/\/www.visionweb.com.ar\/index.php?rest_route=%2Fwp%2Fv2%2Fmedia&parent=19395"}],"wp:term":[{"taxonomy":"category","embeddable":true,"href":"https:\/\/www.visionweb.com.ar\/index.php?rest_route=%2Fwp%2Fv2%2Fcategories&post=19395"},{"taxonomy":"post_tag","embeddable":true,"href":"https:\/\/www.visionweb.com.ar\/index.php?rest_route=%2Fwp%2Fv2%2Ftags&post=19395"}],"curies":[{"name":"wp","href":"https:\/\/api.w.org\/{rel}","templated":true}]}}