{"id":19384,"date":"2025-10-27T18:19:08","date_gmt":"2025-10-27T21:19:08","guid":{"rendered":"https:\/\/www.visionweb.com.ar\/?p=19384"},"modified":"2025-10-27T18:26:51","modified_gmt":"2025-10-27T21:26:51","slug":"el-gobierno-de-milei-debera-fortalecerse-a-traves-del-dialago","status":"publish","type":"post","link":"https:\/\/www.visionweb.com.ar\/?p=19384","title":{"rendered":"El Gobierno de Milei deber\u00e1 fortalecerse a trav\u00e9s del di\u00e1lago"},"content":{"rendered":"<p><em><strong>Qu\u00e9 pasar\u00e1 con las leyes ya sancionadas por el Congreso y que fueron vetadas por el Ejecutivo. Volver\u00e1n al Recinto, se caer\u00e1 el veto presidencial. Estas son preguntas que el tiempo las responder\u00e1.<\/strong><\/em>\u00a0 <!--more--><\/p>\n<p><img loading=\"lazy\" decoding=\"async\" class=\"size-medium wp-image-12874 alignright\" src=\"https:\/\/www.visionweb.com.ar\/wp-content\/uploads\/2023\/12\/DISCURSOI-DE-MILEI-E3N-EL-CONGRESO-300x169.png\" alt=\"\" width=\"300\" height=\"169\" srcset=\"https:\/\/www.visionweb.com.ar\/wp-content\/uploads\/2023\/12\/DISCURSOI-DE-MILEI-E3N-EL-CONGRESO-300x169.png 300w, https:\/\/www.visionweb.com.ar\/wp-content\/uploads\/2023\/12\/DISCURSOI-DE-MILEI-E3N-EL-CONGRESO.png 640w\" sizes=\"auto, (max-width: 300px) 100vw, 300px\" \/>Una vez m\u00e1s las encuestas fueron las protagonista respecto de los resultados de las elecciones intermedias del domingo \u00faltimo, porque salvo una o dos excepciones, ninguna acert\u00f3 sobre los resultados, a nivel pa\u00eds y a nivel provincia de Buenos Aires.<\/p>\n<p>Si bien las tendencias daban como ganadora a la lista violeta, en la provincia de Buenos Aires se lleg\u00f3 a hablar de un empate t\u00e9cnico entre la Libertad Avanza y Fuerza Patria, otras se\u00f1alaban que LLA a nivel pa\u00eds ganader\u00eda con porcentajes que oscilaban entre los 4 a 6 puntos a favor del oficialismo.<\/p>\n<p>Los resultados sorprendieron a propios y ajenos porque la diferencia entre las dos principales fuerzas pol\u00edticas alcanz\u00f3 a casi 9 puntos (40,66% para el oficialismo y 30,77 para las huestes peronistas en el orden nacional. En tanto que la fuerza pol\u00edtica Provincias Unidas qued\u00f3 relegada a un tercer puesto con el 6% de los esca\u00f1os.<\/p>\n<p>Pero en la provincia de Buenos Aires, que alberga al 37% del padr\u00f3n electoral, las fuerzas terminaron casi en un empate t\u00e9cnico de apenas 0,51%, que le permiti\u00f3 al oficialismo asegurarse la ubicaci\u00f3n de no menos de 17 diputados, mientras que la principal fuerza opositora ubicar\u00e1 al menos 16 legisladores nacionales.<\/p>\n<p>Pero que significa para el gobierno de Javier Milei totalizar 90 diputados oficialistas en el Congreso a partir del 10 de diciembre, al igual que los 26 senadores que logr\u00f3 capitalizar la LLA.<\/p>\n<p>A partir del nuevo escenario en ambas c\u00e1maras legislativas, el gobierno nacional deber\u00e1 mantener un di\u00e1logo m\u00e1s abierto con los diferentes bloques opositores y quiz\u00e1 tambi\u00e9n con los gobernadores oficialistas y de la oposici\u00f3n, para lograr que se le aprueben las leyes que quedaron pendientes del actual ejercicio.<\/p>\n<p>Pero sin dudas, m\u00e1s all\u00e1 de la nueva composici\u00f3n parlamentaria, el presidente Milei tiene varias asignaciones pendientes, entre ellas habilitar los recursos para transferir al Hospital Garraham para que pueda funcionar con todo su potencial. En la lista de prioridades aparece tambi\u00e9n <strong class=\"Yjhzub\"><a class=\"GI370e\" href=\"https:\/\/www.google.com\/search?q=Ley+27.793+de+Emergencia+Nacional+en+Discapacidad&amp;sca_esv=ee794735903e3348&amp;rlz=1C1OKWM_esAR973AR973&amp;sxsrf=AE3TifMtWnCnxZVMHapsY3FS3XkEpaZ4OQ%3A1761596067816&amp;ei=o9L_aJXCMZHM1sQPmY_V8Ag&amp;ved=2ahUKEwiU-vOcmcWQAxUDr5UCHSUwDEUQgK4QegQIARAB&amp;uact=5&amp;oq=ley+de+financiamiento+de+para+atender+la+demanda+de+los%2C+imcapacitados&amp;gs_lp=Egxnd3Mtd2l6LXNlcnAiRmxleSBkZSBmaW5hbmNpYW1pZW50byBkZSBwYXJhIGF0ZW5kZXIgbGEgZGVtYW5kYSBkZSBsb3MsIGltY2FwYWNpdGFkb3NIrbUDUABYx6kDcAF4AZABApgB5gGgAcAxqgEGNjAuOS4zuAEDyAEA-AEBmAI6oAKWLcICChAjGIAEGIoFGCfCAgQQIxgnwgIQEAAYgAQYigUYQxixAxiDAcICDhAAGIAEGIoFGLEDGIMBwgIFEAAYgATCAgsQLhiABBixAxiDAcICCxAAGIAEGLEDGIMBwgIKEAAYgAQYigUYQ8ICChAuGIAEGIoFGEPCAgoQABiABBgUGIcCwgIEEAAYA8ICCBAAGIAEGLEDwgINEAAYgAQYigUYQxixA8ICChAAGIAEGAoYsQPCAgcQABiABBgKwgIGEAAYFhgewgIIEAAYgAQYogTCAgUQIRigAcICBRAhGJ8FwgIEECEYFZgDAOIDBRIBMSBAkgcHMzguMTkuMaAHupEDsgcHMzguMTkuMbgHli3CBwkyLTIxLjM1LjLIB8IE&amp;sclient=gws-wiz-serp&amp;mstk=AUtExfArgrF4PUClaQrKYOXnwv4iSV0IoscKINRu8azDIdlkaJtmFeyMco10Vp0KazSh8gtTrchMubIV3jM1uCq1hTih8RY7G-rdyt_bV38BQYGzSFlN3HA-WFrngZ8lcqYtEno6O6vclVvjrpk0wxB1LI9RrrzmFz1-d0Y70iwczTXjaa2IneYpWyZvLeBVDemzqu-wf1BHgbfWwlKuSVP-HqDSzm2_k7vSxWlgIa1E7hozVzt9z-dPGKU1LgfE3RSsG3VOwKXhkYcHucVxm_eukjiM&amp;csui=3\" data-wiz-uids=\"UxFyid_c\" data-ved=\"2ahUKEwiU-vOcmcWQAxUDr5UCHSUwDEUQgK4QegQIARAB\" data-hveid=\"CAEQAQ\">Ley 27.793 de Emergencia Nacional en Discapacidad<\/a>, y<\/strong> pese a estar sancionada con la publicaci\u00f3n del Decreto reglamentario, 681\/2025, en el <a class=\"H23r4e\" href=\"https:\/\/www.boletinoficial.gob.ar\/detalleAviso\/primera\/331706\/20250922\" target=\"_blank\" rel=\"noopener\">Bolet\u00edn Oficial<\/a>, el Gobierno la suspendi\u00f3 hasta que el Congreso explique desde donde saldr\u00e1n los recursos para su financiamiento.<\/p>\n<p>Sin dudas, la gran asignatura pendiente para el Presidente Milei y el Congreso, es la situaci\u00f3n de los jubilados. Cabe recordar que en julio\u00a0 de este a\u00f1o se vetaron las leyes de aumento a los jubilados, entre los que se encuentran los m\u00e1s afectados que cobran la m\u00ednima o se ubican en un escal\u00f3n superior, la Ley moratoria previsional y emergencia en discapacidad.<\/p>\n<p>Excepto la Ley de Finaciamiento de Discapacidad, las otras dos, luego de intensos debates fueron moneda de cambio para tratar otros temas y quedaron cajoneadas.<\/p>\n<p>En definitiva, el nuevo Congreso que se conforme a partir del 10 de diciembre deber\u00e1 avanzar con estos temas. Antes de la nueva configuraci\u00f3n del Parlamento, dif\u00edcilmente se quiera avanzar. De una cosa se est\u00e1 seguro, hoy en el radar del oficialismo estas materias parecieran no estar presentes.<strong>(VW)<\/strong><\/p>\n","protected":false},"excerpt":{"rendered":"<p>Qu\u00e9 pasar\u00e1 con las leyes ya sancionadas por el Congreso y que fueron vetadas por el Ejecutivo. Volver\u00e1n al Recinto, se caer\u00e1 el veto presidencial. Estas son preguntas que el tiempo las responder\u00e1.\u00a0<\/p>\n","protected":false},"author":3,"featured_media":1797,"comment_status":"closed","ping_status":"closed","sticky":false,"template":"","format":"standard","meta":{"_monsterinsights_skip_tracking":false,"_monsterinsights_sitenote_active":false,"_monsterinsights_sitenote_note":"","_monsterinsights_sitenote_category":0,"footnotes":""},"categories":[4],"tags":[485,340,890,5187,4586],"class_list":["post-19384","post","type-post","status-publish","format-standard","has-post-thumbnail","hentry","category-politica","tag-congreso","tag-elecciones","tag-legisladores","tag-lla","tag-up"],"_links":{"self":[{"href":"https:\/\/www.visionweb.com.ar\/index.php?rest_route=\/wp\/v2\/posts\/19384","targetHints":{"allow":["GET"]}}],"collection":[{"href":"https:\/\/www.visionweb.com.ar\/index.php?rest_route=\/wp\/v2\/posts"}],"about":[{"href":"https:\/\/www.visionweb.com.ar\/index.php?rest_route=\/wp\/v2\/types\/post"}],"author":[{"embeddable":true,"href":"https:\/\/www.visionweb.com.ar\/index.php?rest_route=\/wp\/v2\/users\/3"}],"replies":[{"embeddable":true,"href":"https:\/\/www.visionweb.com.ar\/index.php?rest_route=%2Fwp%2Fv2%2Fcomments&post=19384"}],"version-history":[{"count":4,"href":"https:\/\/www.visionweb.com.ar\/index.php?rest_route=\/wp\/v2\/posts\/19384\/revisions"}],"predecessor-version":[{"id":19389,"href":"https:\/\/www.visionweb.com.ar\/index.php?rest_route=\/wp\/v2\/posts\/19384\/revisions\/19389"}],"wp:featuredmedia":[{"embeddable":true,"href":"https:\/\/www.visionweb.com.ar\/index.php?rest_route=\/wp\/v2\/media\/1797"}],"wp:attachment":[{"href":"https:\/\/www.visionweb.com.ar\/index.php?rest_route=%2Fwp%2Fv2%2Fmedia&parent=19384"}],"wp:term":[{"taxonomy":"category","embeddable":true,"href":"https:\/\/www.visionweb.com.ar\/index.php?rest_route=%2Fwp%2Fv2%2Fcategories&post=19384"},{"taxonomy":"post_tag","embeddable":true,"href":"https:\/\/www.visionweb.com.ar\/index.php?rest_route=%2Fwp%2Fv2%2Ftags&post=19384"}],"curies":[{"name":"wp","href":"https:\/\/api.w.org\/{rel}","templated":true}]}}