{"id":19376,"date":"2025-10-26T13:03:23","date_gmt":"2025-10-26T16:03:23","guid":{"rendered":"https:\/\/www.visionweb.com.ar\/?p=19376"},"modified":"2025-10-26T13:03:23","modified_gmt":"2025-10-26T16:03:23","slug":"elecciones-en-la-provincia-de-buenos-aires-debuto-la-boleta-unica-de-papel","status":"publish","type":"post","link":"https:\/\/www.visionweb.com.ar\/?p=19376","title":{"rendered":"Elecciones: En la provincia de Buenos Aires debut\u00f3 la Boleta \u00fanica de Papel"},"content":{"rendered":"<p><strong><em> La participaci\u00f3n electoral en los comicios hasta las 11de la ma\u00f1ana fue del 23%, seg\u00fan confirm\u00f3 la Direcci\u00f3n Nacional Electoral, dependiente del Ministerio del Interior.<\/em><\/strong><!--more--><\/p>\n<p>Desde las 8 de la ma\u00f1ana, abrieron en la Provincia y en todo el pa\u00eds los centros de votaci\u00f3n para las elecciones legislativas nacionales de 2025, en una jornada que se extender\u00e1 hasta las 18 y los primeros resultados preliminares se conocer\u00edan alrededor de las 21.<\/p>\n<p>M\u00e1s de 36 millones de ciudadanos est\u00e1n habilitados para participar de estos comicios, en los que se renueva la mitad de la C\u00e1mara de Diputados -127 bancas- y un tercio del Senado -24 esca\u00f1os.<\/p>\n<p>La participaci\u00f3n electoral en los comicios hasta las 11de la ma\u00f1ana fue del 23%, seg\u00fan confirm\u00f3 la Direcci\u00f3n Nacional Electoral, dependiente del Ministerio del Interior.<\/p>\n<p>La elecci\u00f3n marca un hito institucional: por primera vez en la historia argentina se utiliza la\u00a0<strong>Boleta \u00danica de Papel (BUP),<\/strong>\u00a0un sistema aprobado por el Congreso con el objetivo de simplificar el proceso electoral y reducir costos. Con este formato, cada votante recibe una \u00fanica hoja donde figuran todas las listas y debe marcar con una cruz su preferencia para cada categor\u00eda antes de depositarla en la urna.<\/p>\n<p>Adem\u00e1s del cambio de formato de las boletas, la jornada tiene un peso pol\u00edtico singular. Se trata del primer test electoral para el gobierno de Javier Milei, que busca consolidar su fuerza legislativa en un Congreso donde La Libertad Avanza (LLA) a\u00fan depende de alianzas para aprobar leyes clave.<\/p>\n<p>Desde el oficialismo apuestan a captar el voto de los indecisos -ese tercio del electorado que puede inclinar la balanza- para \u201cpintar de violeta\u201d nuevas bancas, aunque se descarta que necesiten acuerdos con bloques aliados para sostener la gobernabilidad.<\/p>\n<p>Del otro lado, Fuerza Patria, la coalici\u00f3n peronista, enfrenta una elecci\u00f3n decisiva. Sus resultados marcar\u00e1n el punto de partida para su intento de reconstrucci\u00f3n con vistas a las presidenciales de 2027.<\/p>\n<p>En tanto, Provincias Unidas, el frente conformado por gobernadores de C\u00f3rdoba, Santa Fe, Corrientes, Jujuy y Chubut, aparece como la gran inc\u00f3gnita. Ser\u00e1 su primera contienda nacional y buscan consolidarse como \u201ctercera fuerza\u201d con aspiraciones presidenciales a futuro<strong>.(VW)<\/strong><\/p>\n<p>&nbsp;<\/p>\n<p>&nbsp;<\/p>\n","protected":false},"excerpt":{"rendered":"<p>La participaci\u00f3n electoral en los comicios hasta las 11de la ma\u00f1ana fue del 23%, seg\u00fan confirm\u00f3 la Direcci\u00f3n Nacional Electoral, dependiente del Ministerio del Interior.<\/p>\n","protected":false},"author":3,"featured_media":11415,"comment_status":"closed","ping_status":"closed","sticky":false,"template":"","format":"standard","meta":{"_monsterinsights_skip_tracking":false,"_monsterinsights_sitenote_active":false,"_monsterinsights_sitenote_note":"","_monsterinsights_sitenote_category":0,"footnotes":""},"categories":[1],"tags":[650,6982,340,5187],"class_list":["post-19376","post","type-post","status-publish","format-standard","has-post-thumbnail","hentry","category-uncategorized","tag-bonaerenses","tag-bup","tag-elecciones","tag-lla"],"_links":{"self":[{"href":"https:\/\/www.visionweb.com.ar\/index.php?rest_route=\/wp\/v2\/posts\/19376","targetHints":{"allow":["GET"]}}],"collection":[{"href":"https:\/\/www.visionweb.com.ar\/index.php?rest_route=\/wp\/v2\/posts"}],"about":[{"href":"https:\/\/www.visionweb.com.ar\/index.php?rest_route=\/wp\/v2\/types\/post"}],"author":[{"embeddable":true,"href":"https:\/\/www.visionweb.com.ar\/index.php?rest_route=\/wp\/v2\/users\/3"}],"replies":[{"embeddable":true,"href":"https:\/\/www.visionweb.com.ar\/index.php?rest_route=%2Fwp%2Fv2%2Fcomments&post=19376"}],"version-history":[{"count":1,"href":"https:\/\/www.visionweb.com.ar\/index.php?rest_route=\/wp\/v2\/posts\/19376\/revisions"}],"predecessor-version":[{"id":19377,"href":"https:\/\/www.visionweb.com.ar\/index.php?rest_route=\/wp\/v2\/posts\/19376\/revisions\/19377"}],"wp:featuredmedia":[{"embeddable":true,"href":"https:\/\/www.visionweb.com.ar\/index.php?rest_route=\/wp\/v2\/media\/11415"}],"wp:attachment":[{"href":"https:\/\/www.visionweb.com.ar\/index.php?rest_route=%2Fwp%2Fv2%2Fmedia&parent=19376"}],"wp:term":[{"taxonomy":"category","embeddable":true,"href":"https:\/\/www.visionweb.com.ar\/index.php?rest_route=%2Fwp%2Fv2%2Fcategories&post=19376"},{"taxonomy":"post_tag","embeddable":true,"href":"https:\/\/www.visionweb.com.ar\/index.php?rest_route=%2Fwp%2Fv2%2Ftags&post=19376"}],"curies":[{"name":"wp","href":"https:\/\/api.w.org\/{rel}","templated":true}]}}