{"id":19374,"date":"2025-10-26T12:27:36","date_gmt":"2025-10-26T15:27:36","guid":{"rendered":"https:\/\/www.visionweb.com.ar\/?p=19374"},"modified":"2025-10-26T12:27:36","modified_gmt":"2025-10-26T15:27:36","slug":"por-las-elecciones-algunas-escuelas-no-tendran-clases-el-lunes","status":"publish","type":"post","link":"https:\/\/www.visionweb.com.ar\/?p=19374","title":{"rendered":"Por las elecciones algunas escuelas no tendr\u00e1n clases el lunes"},"content":{"rendered":"<p><em><strong>Ser\u00e1 en la ma\u00f1ana del lunes. LAS familias ya fueron notificadas.<\/strong><\/em><!--more--><\/p>\n<p>Este domingo 26 de octubre se llevan a cabo las elecciones legislativas a nivel nacional, por lo que<strong>\u00a0algunas escuelas no abrir\u00e1n las puertas durante la ma\u00f1ana del lunes.<\/strong><\/p>\n<p>M\u00e1s all\u00e1 de que algunos\u00a0colegios,\u00a0instituciones\u00a0y\u00a0organismos\u00a0puedan dar\u00a0<strong>asueto\u00a0o\u00a0reducir\u00a0el\u00a0horario\u00a0<\/strong>de atenci\u00f3n por una cuesti\u00f3n organizativa y de descanso, no es obligatorio.<\/p>\n<p>Aquellas instituciones que no abrir\u00e1n el lunes por la ma\u00f1ana ya notificaron a las familias para organizar qu\u00e9 hacer con los chicos.\u00a0<strong>El cierre es para hacer el operativo de limpieza post electoral.(VW)<\/strong><\/p>\n","protected":false},"excerpt":{"rendered":"<p>Ser\u00e1 en la ma\u00f1ana del lunes. LAS familias ya fueron notificadas.<\/p>\n","protected":false},"author":3,"featured_media":12774,"comment_status":"closed","ping_status":"closed","sticky":false,"template":"","format":"standard","meta":{"_monsterinsights_skip_tracking":false,"_monsterinsights_sitenote_active":false,"_monsterinsights_sitenote_note":"","_monsterinsights_sitenote_category":0,"footnotes":""},"categories":[8],"tags":[8302,430,8303],"class_list":["post-19374","post","type-post","status-publish","format-standard","has-post-thumbnail","hentry","category-interes-general","tag-comicios","tag-escuelas","tag-turno"],"_links":{"self":[{"href":"https:\/\/www.visionweb.com.ar\/index.php?rest_route=\/wp\/v2\/posts\/19374","targetHints":{"allow":["GET"]}}],"collection":[{"href":"https:\/\/www.visionweb.com.ar\/index.php?rest_route=\/wp\/v2\/posts"}],"about":[{"href":"https:\/\/www.visionweb.com.ar\/index.php?rest_route=\/wp\/v2\/types\/post"}],"author":[{"embeddable":true,"href":"https:\/\/www.visionweb.com.ar\/index.php?rest_route=\/wp\/v2\/users\/3"}],"replies":[{"embeddable":true,"href":"https:\/\/www.visionweb.com.ar\/index.php?rest_route=%2Fwp%2Fv2%2Fcomments&post=19374"}],"version-history":[{"count":1,"href":"https:\/\/www.visionweb.com.ar\/index.php?rest_route=\/wp\/v2\/posts\/19374\/revisions"}],"predecessor-version":[{"id":19375,"href":"https:\/\/www.visionweb.com.ar\/index.php?rest_route=\/wp\/v2\/posts\/19374\/revisions\/19375"}],"wp:featuredmedia":[{"embeddable":true,"href":"https:\/\/www.visionweb.com.ar\/index.php?rest_route=\/wp\/v2\/media\/12774"}],"wp:attachment":[{"href":"https:\/\/www.visionweb.com.ar\/index.php?rest_route=%2Fwp%2Fv2%2Fmedia&parent=19374"}],"wp:term":[{"taxonomy":"category","embeddable":true,"href":"https:\/\/www.visionweb.com.ar\/index.php?rest_route=%2Fwp%2Fv2%2Fcategories&post=19374"},{"taxonomy":"post_tag","embeddable":true,"href":"https:\/\/www.visionweb.com.ar\/index.php?rest_route=%2Fwp%2Fv2%2Ftags&post=19374"}],"curies":[{"name":"wp","href":"https:\/\/api.w.org\/{rel}","templated":true}]}}