{"id":19372,"date":"2025-10-24T17:15:31","date_gmt":"2025-10-24T20:15:31","guid":{"rendered":"https:\/\/www.visionweb.com.ar\/?p=19372"},"modified":"2025-10-24T17:15:31","modified_gmt":"2025-10-24T20:15:31","slug":"el-reclamo-de-los-jubilados-argentinos-ya-tiene-trascendencia-internacional","status":"publish","type":"post","link":"https:\/\/www.visionweb.com.ar\/?p=19372","title":{"rendered":"El reclamo de los jubilados argentinos ya tiene trascendencia internacional"},"content":{"rendered":"<p><em><strong>Un extenso art\u00edculo publicado por la agencia de noticias Reuters, una de las m\u00e1s seguidas en todo el mundo, llev\u00f3 a la primera plana el reclamo que los jubilados hacen cada mi\u00e9rcoles\u00a0 en la plaza de los Dos Congresos pidiendo jubilaciones dignas.<\/strong><\/em> <!--more--><\/p>\n<p><img loading=\"lazy\" decoding=\"async\" class=\"size-medium wp-image-15635 alignleft\" src=\"https:\/\/www.visionweb.com.ar\/wp-content\/uploads\/2024\/08\/PROTESTAS-DE-JUBILADOS-300x180.png\" alt=\"\" width=\"300\" height=\"180\" srcset=\"https:\/\/www.visionweb.com.ar\/wp-content\/uploads\/2024\/08\/PROTESTAS-DE-JUBILADOS-300x180.png 300w, https:\/\/www.visionweb.com.ar\/wp-content\/uploads\/2024\/08\/PROTESTAS-DE-JUBILADOS.png 640w\" sizes=\"auto, (max-width: 300px) 100vw, 300px\" \/>La agencia internacional de noticias Reuters public\u00f3 en las \u00faltimas horas un extenso informe en el que refleja los reclamos que los jubilados hacen por mejores haberes y mejores condiciones de vida.<\/p>\n<p>El informe publicado por la agencia de noticias brit\u00e1nica con el t\u00edtulo \u00ab<strong> \u201cJubilados al borde del colapso: los jubilados argentinos protestan\u00bb, <\/strong>refleja la persistencia y el dramatismo del reclamo en medio de la veda electoral.<\/p>\n<p>El informe, firmado por dos periodistas especializados en temas econ\u00f3micos, recoge testimonios de adultos mayores que, con pancartas y banderas, denuncian el deterioro de sus ingresos frente al aumento del costo de vida.\u00a0<strong>\u201cNo pedimos lujos, pedimos vivir con dignidad\u201d<\/strong>, expresa una de las voces citadas por el art\u00edculo, que ilustra el malestar de un sector que ve c\u00f3mo sus jubilaciones pierden poder adquisitivo mes a mes.<\/p>\n<p><strong>La cobertura de Reuters representa un reconocimiento internacional al movimiento de los jubilados, que desde hace a\u00f1os se organizan de forma autoconvocada para visibilizar la situaci\u00f3n del sistema previsional argentino.<\/strong>\u00a0La nota pone el foco en la combinaci\u00f3n de inflaci\u00f3n, recortes presupuestarios y falta de respuestas concretas, factores que, seg\u00fan el medio, empujan a miles de mayores a la pobreza o la dependencia de sus familias.<\/p>\n<p>Con esta publicaci\u00f3n, la problem\u00e1tica de los jubilados argentinos se instala nuevamente en la agenda global, sumando presi\u00f3n sobre el Gobierno para atender los reclamos de un sector hist\u00f3ricamente postergado, pero hoy m\u00e1s activo y visible que nunca y a horas de una nueva elecci\u00f3n en Argentina que puede cambiar el futuro del pa\u00eds.<strong>(VW)<\/strong><\/p>\n<p><strong>Fuente: Info Region<\/strong><\/p>\n","protected":false},"excerpt":{"rendered":"<p>Un extenso art\u00edculo publicado por la agencia de noticias Reuters, una de las m\u00e1s seguidas en todo el mundo, llev\u00f3 a la primera plana el reclamo que los jubilados hacen cada mi\u00e9rcoles\u00a0 en la&#46;&#46;&#46;<\/p>\n","protected":false},"author":3,"featured_media":15635,"comment_status":"closed","ping_status":"closed","sticky":false,"template":"","format":"standard","meta":{"_monsterinsights_skip_tracking":false,"_monsterinsights_sitenote_active":false,"_monsterinsights_sitenote_note":"","_monsterinsights_sitenote_category":0,"footnotes":""},"categories":[5],"tags":[],"class_list":["post-19372","post","type-post","status-publish","format-standard","has-post-thumbnail","hentry","category-sociedad"],"_links":{"self":[{"href":"https:\/\/www.visionweb.com.ar\/index.php?rest_route=\/wp\/v2\/posts\/19372","targetHints":{"allow":["GET"]}}],"collection":[{"href":"https:\/\/www.visionweb.com.ar\/index.php?rest_route=\/wp\/v2\/posts"}],"about":[{"href":"https:\/\/www.visionweb.com.ar\/index.php?rest_route=\/wp\/v2\/types\/post"}],"author":[{"embeddable":true,"href":"https:\/\/www.visionweb.com.ar\/index.php?rest_route=\/wp\/v2\/users\/3"}],"replies":[{"embeddable":true,"href":"https:\/\/www.visionweb.com.ar\/index.php?rest_route=%2Fwp%2Fv2%2Fcomments&post=19372"}],"version-history":[{"count":1,"href":"https:\/\/www.visionweb.com.ar\/index.php?rest_route=\/wp\/v2\/posts\/19372\/revisions"}],"predecessor-version":[{"id":19373,"href":"https:\/\/www.visionweb.com.ar\/index.php?rest_route=\/wp\/v2\/posts\/19372\/revisions\/19373"}],"wp:featuredmedia":[{"embeddable":true,"href":"https:\/\/www.visionweb.com.ar\/index.php?rest_route=\/wp\/v2\/media\/15635"}],"wp:attachment":[{"href":"https:\/\/www.visionweb.com.ar\/index.php?rest_route=%2Fwp%2Fv2%2Fmedia&parent=19372"}],"wp:term":[{"taxonomy":"category","embeddable":true,"href":"https:\/\/www.visionweb.com.ar\/index.php?rest_route=%2Fwp%2Fv2%2Fcategories&post=19372"},{"taxonomy":"post_tag","embeddable":true,"href":"https:\/\/www.visionweb.com.ar\/index.php?rest_route=%2Fwp%2Fv2%2Ftags&post=19372"}],"curies":[{"name":"wp","href":"https:\/\/api.w.org\/{rel}","templated":true}]}}