{"id":19369,"date":"2025-10-24T16:24:19","date_gmt":"2025-10-24T19:24:19","guid":{"rendered":"https:\/\/www.visionweb.com.ar\/?p=19369"},"modified":"2025-10-24T16:24:19","modified_gmt":"2025-10-24T19:24:19","slug":"hoy-se-celebra-el-dia-internacional-de-las-bibliotecas-las-guardianas-de-la-memoria-colectiva","status":"publish","type":"post","link":"https:\/\/www.visionweb.com.ar\/?p=19369","title":{"rendered":"Hoy se celebra el D\u00eda Internacional de las Bibliotecas, las guardianas de la memoria colectiva"},"content":{"rendered":"<p><em><strong>Es un homenaje a las bibliotecas como espacios de saber, cultura y encuentro, promotoras de la lectura y del acceso al conocimiento. La fecha invita a reconocer la importancia de estos espacios para los pueblos, la educaci\u00f3n y la democracia.<\/strong><\/em><!--more--><\/p>\n<p><strong><img loading=\"lazy\" decoding=\"async\" class=\"size-medium wp-image-19370 alignleft\" src=\"https:\/\/www.visionweb.com.ar\/wp-content\/uploads\/2025\/10\/biblioetca-2-224x300.png\" alt=\"\" width=\"224\" height=\"300\" srcset=\"https:\/\/www.visionweb.com.ar\/wp-content\/uploads\/2025\/10\/biblioetca-2-224x300.png 224w, https:\/\/www.visionweb.com.ar\/wp-content\/uploads\/2025\/10\/biblioetca-2.png 413w\" sizes=\"auto, (max-width: 224px) 100vw, 224px\" \/>\u00a0 \u00a0\u00a0 E<\/strong>ste viernes <strong>24 de octubre<\/strong> se conmemora el\u00a0<strong>D\u00eda Internacional de las Bibliotecas, una fecha especial para recordar la importancia de los espacios de lectura\u00a0en la sociedad<\/strong>.<\/p>\n<p>El origen de esta conmemoraci\u00f3n data de la Guerra de los Balcanes de 1992, cuando los ej\u00e9rcitos serbios bombardearon la\u00a0<strong>Biblioteca Universitaria y Nacional de Sarajevo en Bosnia y Herzegovina<\/strong>\u00a0provocando un \u201cmemoricidio\u201d al atentar contra el acervo cultural. As\u00ed, el <strong>D\u00eda Internacional de las Bibliotecas se estableci\u00f3 en 1997 por la Asociaci\u00f3n Espa\u00f1ola de Amigos del Libro Infantil y Juvenil <\/strong>\u00a0para recordar la destrucci\u00f3n de la Biblioteca Nacional de Sarajevo durante esa Guerra.<\/p>\n<p>La propuesta se expandi\u00f3 r\u00e1pidamente en todo el mundo, e invita a la reflexi\u00f3n y apropiaci\u00f3n cultural de los espacios bibliotecarios en diferentes territorios y contextos sociales por medio de ejercicios de lectura y actividades de programaci\u00f3n cultural.<\/p>\n<p>La conmemoraci\u00f3n pretende destacar que las bibliotecas no son solo dep\u00f3sitos de libros, sino espacios de memoria, acceso al conocimiento, de encuentro social y de igualdad de posibilidades. En un mundo con informaci\u00f3n abundante y fragmentada, <strong>las bibliotecas siguen siendo faros de lectura, investigaci\u00f3n, formaci\u00f3n, integraci\u00f3n y comunidad<\/strong>.<\/p>\n<p>Este D\u00eda Internacional de las Bibliotecas merece ser vivido m\u00e1s que celebrado, se trata de recordar el rol de la biblioteca como basti\u00f3n de cultura, memoria, acceso al conocimiento y comunidad. <strong>(VW)<\/strong><\/p>\n<p>&nbsp;<\/p>\n","protected":false},"excerpt":{"rendered":"<p>Es un homenaje a las bibliotecas como espacios de saber, cultura y encuentro, promotoras de la lectura y del acceso al conocimiento. La fecha invita a reconocer la importancia de estos espacios para los&#46;&#46;&#46;<\/p>\n","protected":false},"author":4,"featured_media":19370,"comment_status":"closed","ping_status":"closed","sticky":false,"template":"","format":"standard","meta":{"_monsterinsights_skip_tracking":false,"_monsterinsights_sitenote_active":false,"_monsterinsights_sitenote_note":"","_monsterinsights_sitenote_category":0,"footnotes":""},"categories":[8],"tags":[8301,8300],"class_list":["post-19369","post","type-post","status-publish","format-standard","has-post-thumbnail","hentry","category-interes-general","tag-24-de-octubre","tag-dia-internacional-de-las-bibliotecas"],"_links":{"self":[{"href":"https:\/\/www.visionweb.com.ar\/index.php?rest_route=\/wp\/v2\/posts\/19369","targetHints":{"allow":["GET"]}}],"collection":[{"href":"https:\/\/www.visionweb.com.ar\/index.php?rest_route=\/wp\/v2\/posts"}],"about":[{"href":"https:\/\/www.visionweb.com.ar\/index.php?rest_route=\/wp\/v2\/types\/post"}],"author":[{"embeddable":true,"href":"https:\/\/www.visionweb.com.ar\/index.php?rest_route=\/wp\/v2\/users\/4"}],"replies":[{"embeddable":true,"href":"https:\/\/www.visionweb.com.ar\/index.php?rest_route=%2Fwp%2Fv2%2Fcomments&post=19369"}],"version-history":[{"count":1,"href":"https:\/\/www.visionweb.com.ar\/index.php?rest_route=\/wp\/v2\/posts\/19369\/revisions"}],"predecessor-version":[{"id":19371,"href":"https:\/\/www.visionweb.com.ar\/index.php?rest_route=\/wp\/v2\/posts\/19369\/revisions\/19371"}],"wp:featuredmedia":[{"embeddable":true,"href":"https:\/\/www.visionweb.com.ar\/index.php?rest_route=\/wp\/v2\/media\/19370"}],"wp:attachment":[{"href":"https:\/\/www.visionweb.com.ar\/index.php?rest_route=%2Fwp%2Fv2%2Fmedia&parent=19369"}],"wp:term":[{"taxonomy":"category","embeddable":true,"href":"https:\/\/www.visionweb.com.ar\/index.php?rest_route=%2Fwp%2Fv2%2Fcategories&post=19369"},{"taxonomy":"post_tag","embeddable":true,"href":"https:\/\/www.visionweb.com.ar\/index.php?rest_route=%2Fwp%2Fv2%2Ftags&post=19369"}],"curies":[{"name":"wp","href":"https:\/\/api.w.org\/{rel}","templated":true}]}}