{"id":19367,"date":"2025-10-24T15:17:18","date_gmt":"2025-10-24T18:17:18","guid":{"rendered":"https:\/\/www.visionweb.com.ar\/?p=19367"},"modified":"2025-10-24T15:17:18","modified_gmt":"2025-10-24T18:17:18","slug":"comenzo-la-veda-electoral","status":"publish","type":"post","link":"https:\/\/www.visionweb.com.ar\/?p=19367","title":{"rendered":"Comenz\u00f3 la veda electoral"},"content":{"rendered":"<p><em><strong>A las 8 de este viernes comenz\u00f3 la veda electoral, de cara a las elecciones legislativas. La venta de alcohol est\u00e1 permitida hoy pero ya se proh\u00edbe ma\u00f1ana por la noche.<\/strong><\/em><!--more--><\/p>\n<p><strong>\u00a0 <img loading=\"lazy\" decoding=\"async\" class=\"size-medium wp-image-12196 alignright\" src=\"https:\/\/www.visionweb.com.ar\/wp-content\/uploads\/2023\/10\/veda-electoral-300x174.png\" alt=\"\" width=\"300\" height=\"174\" srcset=\"https:\/\/www.visionweb.com.ar\/wp-content\/uploads\/2023\/10\/veda-electoral-300x174.png 300w, https:\/\/www.visionweb.com.ar\/wp-content\/uploads\/2023\/10\/veda-electoral.png 522w\" sizes=\"auto, (max-width: 300px) 100vw, 300px\" \/> \u00a0Comenz\u00f3 la veda electoral<\/strong>, de cara a las\u00a0elecciones legislativas nacionales\u00a0que se celebrar\u00e1n este domingo 26 de octubre y que marcar\u00e1n el debut de la <strong>boleta \u00fanica de papel<\/strong> (BUP).<\/p>\n<p>A 48 horas de que los argentinos se acerquen a las urnas para elegir a sus representantes en el\u00a0<strong>Congreso nacional<\/strong>, la veda electoral se define como un per\u00edodo de \u201csilencio electoral\u201d en el que se espera que los electores hagan uso de la \u201cjornada de reflexi\u00f3n\u201d ante las\u00a0<strong>elecciones<\/strong>, por lo que comenzar\u00e1n a regir ciertas prohibiciones sociales y pol\u00edticas.<\/p>\n<p>De esta manera, el incumplimiento de la\u00a0<strong>veda electoral<\/strong>\u00a0tiene sus respectivas sanciones, que pueden ir de una pena de c\u00e1rcel de entre 15 d\u00edas y seis meses, o incluso a dos a\u00f1os de prisi\u00f3n, como lo ser\u00eda en el caso de que se organice un espect\u00e1culo masivo.<\/p>\n<p>La veda comenz\u00f3 este viernes las 8 am, finaliza el domingo a las 21.<\/p>\n<p><strong>\u00bfQu\u00e9 no se puede hacer?<\/strong><\/p>\n<ul>\n<li><strong>Actos y propaganda<\/strong>: Realizar actos p\u00fablicos de campa\u00f1a, hacer proselitismo, repartir boletas, abrir locales partidarios y publicar avisos en medios.<\/li>\n<li><strong>Redes sociales<\/strong>: Postear en redes sociales o realizar cualquier actividad online con el fin de promover el voto por un candidato en particular.<\/li>\n<li><strong>Encuestas<\/strong>: Publicar o difundir los resultados de sondeos y encuestas preelectorales.<\/li>\n<li><strong>Venta de alcohol:<\/strong>\u00a0<strong>Se proh\u00edbe la venta de bebidas alcoh\u00f3licas desde las 20:00 hs del s\u00e1bado y hasta el cierre de la veda.<\/strong><\/li>\n<li><strong>Espect\u00e1culos:<\/strong>\u00a0<strong>Realizar espect\u00e1culos masivos al aire libre o en recintos cerrados<\/strong>, como fiestas, eventos deportivos o funciones teatrales.<\/li>\n<li><strong>Portaci\u00f3n de armas<\/strong>: Est\u00e1 prohibida para los ciudadanos durante todo el per\u00edodo de veda.<\/li>\n<\/ul>\n<p>Cabe resaltar, que en <strong>la Provincia<\/strong> se dispuso el <strong>transporte p\u00fablico gratis para el domingo de elecciones<\/strong><\/p>\n<p>La gratuidad del servicio p\u00fablico de transporte automotor y fluvial de pasajeros ser\u00e1 para la jornada del d\u00eda 26 de octubre, donde <strong>13.353.974 electores bonaerenses<\/strong> en padr\u00f3n,\u00a0elegir\u00e1n a 35 diputados nacionales que los representar\u00e1n en el\u00a0Congreso.<\/p>\n<p><img loading=\"lazy\" decoding=\"async\" class=\"size-medium wp-image-2702 alignleft\" src=\"https:\/\/www.visionweb.com.ar\/wp-content\/uploads\/2021\/09\/TRANSPORTES-PUBLICOS-300x142.png\" alt=\"\" width=\"300\" height=\"142\" srcset=\"https:\/\/www.visionweb.com.ar\/wp-content\/uploads\/2021\/09\/TRANSPORTES-PUBLICOS-300x142.png 300w, https:\/\/www.visionweb.com.ar\/wp-content\/uploads\/2021\/09\/TRANSPORTES-PUBLICOS-768x364.png 768w, https:\/\/www.visionweb.com.ar\/wp-content\/uploads\/2021\/09\/TRANSPORTES-PUBLICOS-520x245.png 520w, https:\/\/www.visionweb.com.ar\/wp-content\/uploads\/2021\/09\/TRANSPORTES-PUBLICOS-720x340.png 720w, https:\/\/www.visionweb.com.ar\/wp-content\/uploads\/2021\/09\/TRANSPORTES-PUBLICOS.png 800w\" sizes=\"auto, (max-width: 300px) 100vw, 300px\" \/>La medida abarca a los servicios regulares del transporte p\u00fablico\u00a0automotor de pasajeros, de car\u00e1cter urbano e interurbano de media distancia, aleda\u00f1os a la Ciudad Aut\u00f3noma de Buenos Aires (CABA) e interurbanos de larga distancia, de jurisdicci\u00f3n provincial; y a los servicios regulares urbanos, interurbanos de media y larga distancia, as\u00ed como el transporte fluvial del Delta del Paran\u00e1, garantizando el acceso de todos los bonaerenses a sus lugares de votaci\u00f3n.<\/p>\n<p>\u201cEl servicio gratuito en las jornadas electorales es una herramienta fundamental para asegurar la participaci\u00f3n democr\u00e1tica y la igualdad de oportunidades. Nuestra responsabilidad es garantizar que ning\u00fan ciudadano o ciudadana vea limitado su derecho al voto por no poder acceder al transporte\u201d, dijo el ministro de Transporte, Mart\u00edn Marinucci.<\/p>\n<p>Finalmente, el Ministerio invit\u00f3 a los municipios de la Provincia a adherir a esta medida, y reafirmar el compromiso de la gesti\u00f3n con el acceso universal al sufragio y el fortalecimiento de la democracia. <strong>(VW)<\/strong><\/p>\n<p>&nbsp;<\/p>\n","protected":false},"excerpt":{"rendered":"<p>A las 8 de este viernes comenz\u00f3 la veda electoral, de cara a las elecciones legislativas. La venta de alcohol est\u00e1 permitida hoy pero ya se proh\u00edbe ma\u00f1ana por la noche.<\/p>\n","protected":false},"author":4,"featured_media":12196,"comment_status":"closed","ping_status":"closed","sticky":false,"template":"","format":"standard","meta":{"_monsterinsights_skip_tracking":false,"_monsterinsights_sitenote_active":false,"_monsterinsights_sitenote_note":"","_monsterinsights_sitenote_category":0,"footnotes":""},"categories":[8],"tags":[8299,4748],"class_list":["post-19367","post","type-post","status-publish","format-standard","has-post-thumbnail","hentry","category-interes-general","tag-transporte-gratis-en-la-provincia","tag-veda-electoral"],"_links":{"self":[{"href":"https:\/\/www.visionweb.com.ar\/index.php?rest_route=\/wp\/v2\/posts\/19367","targetHints":{"allow":["GET"]}}],"collection":[{"href":"https:\/\/www.visionweb.com.ar\/index.php?rest_route=\/wp\/v2\/posts"}],"about":[{"href":"https:\/\/www.visionweb.com.ar\/index.php?rest_route=\/wp\/v2\/types\/post"}],"author":[{"embeddable":true,"href":"https:\/\/www.visionweb.com.ar\/index.php?rest_route=\/wp\/v2\/users\/4"}],"replies":[{"embeddable":true,"href":"https:\/\/www.visionweb.com.ar\/index.php?rest_route=%2Fwp%2Fv2%2Fcomments&post=19367"}],"version-history":[{"count":1,"href":"https:\/\/www.visionweb.com.ar\/index.php?rest_route=\/wp\/v2\/posts\/19367\/revisions"}],"predecessor-version":[{"id":19368,"href":"https:\/\/www.visionweb.com.ar\/index.php?rest_route=\/wp\/v2\/posts\/19367\/revisions\/19368"}],"wp:featuredmedia":[{"embeddable":true,"href":"https:\/\/www.visionweb.com.ar\/index.php?rest_route=\/wp\/v2\/media\/12196"}],"wp:attachment":[{"href":"https:\/\/www.visionweb.com.ar\/index.php?rest_route=%2Fwp%2Fv2%2Fmedia&parent=19367"}],"wp:term":[{"taxonomy":"category","embeddable":true,"href":"https:\/\/www.visionweb.com.ar\/index.php?rest_route=%2Fwp%2Fv2%2Fcategories&post=19367"},{"taxonomy":"post_tag","embeddable":true,"href":"https:\/\/www.visionweb.com.ar\/index.php?rest_route=%2Fwp%2Fv2%2Ftags&post=19367"}],"curies":[{"name":"wp","href":"https:\/\/api.w.org\/{rel}","templated":true}]}}