{"id":19364,"date":"2025-10-23T22:06:39","date_gmt":"2025-10-24T01:06:39","guid":{"rendered":"https:\/\/www.visionweb.com.ar\/?p=19364"},"modified":"2025-10-23T22:06:39","modified_gmt":"2025-10-24T01:06:39","slug":"la-estacion-dario-santillan-y-maximiliano-kosteki-de-avellaneda-habilito-todos-sus-andenes","status":"publish","type":"post","link":"https:\/\/www.visionweb.com.ar\/?p=19364","title":{"rendered":"La estaci\u00f3n Dar\u00edo Santill\u00e1n y Maximiliano Kosteki de Avellaneda habilit\u00f3 todos sus andenes"},"content":{"rendered":"<p><em><strong>Tras 10 a\u00f1os de trabajos, la l\u00ednea Roca ya tiene la estaci\u00f3n Dar\u00edo Santill\u00e1n y Maximiliano Kosteki operativa al 100%.<\/strong><\/em><!--more--><\/p>\n<p><strong> <img loading=\"lazy\" decoding=\"async\" class=\"size-medium wp-image-19365 alignright\" src=\"https:\/\/www.visionweb.com.ar\/wp-content\/uploads\/2025\/10\/estacion-avellaneda-300x245.png\" alt=\"\" width=\"300\" height=\"245\" srcset=\"https:\/\/www.visionweb.com.ar\/wp-content\/uploads\/2025\/10\/estacion-avellaneda-300x245.png 300w, https:\/\/www.visionweb.com.ar\/wp-content\/uploads\/2025\/10\/estacion-avellaneda.png 547w\" sizes=\"auto, (max-width: 300px) 100vw, 300px\" \/>\u00a0\u00a0\u00a0\u00a0\u00a0\u00a0\u00a0\u00a0 L<\/strong>a estaci\u00f3n\u00a0<strong>Dar\u00edo Santill\u00e1n y Maximiliano Kosteki<\/strong>, ubicada en el <strong>partido de Avellaneda<\/strong> y perteneciente a la l\u00ednea Roca, fue completamente renovada y ya est\u00e1 operativa en todos sus andenes.<\/p>\n<p><strong>Trenes Argentinos<\/strong> inform\u00f3 que todos los andenes ya se encuentran adaptados para la detenci\u00f3n de los trenes el\u00e9ctricos, luego que la\u00a0<strong>plataforma n\u00famero 1 qued\u00f3 habilitada <\/strong>para el ascenso y descenso de pasajeros\u00a0de los ramales <strong>La Plata y Bosques v\u00eda Quilmes<\/strong>.<\/p>\n<p>La finalizaci\u00f3n de estos trabajos forma\u00a0<strong>parte del plan integral de acondicionamiento de la estaci\u00f3n,<\/strong>\u00a0incluido en las obras impulsadas bajo la Emergencia Ferroviaria decretada por el Estado Nacional.<\/p>\n<p>La elevaci\u00f3n de los andenes era una deuda pendiente desde diciembre de 2015, cuando comenzaron a circular los trenes el\u00e9ctricos en la l\u00ednea.\u00a0<strong>En septiembre se hab\u00eda rehabilitado el and\u00e9n 2.<\/strong><\/p>\n<p>Hasta entonces, se utilizaban\u00a0<strong>estructuras provisorias de madera, desplazadas del cuerpo principal de la estaci\u00f3n,<\/strong>\u00a0lo que generaba incomodidades y riesgos para los pasajeros.<\/p>\n<p>Luego de varios a\u00f1os sin avances, la Secretar\u00eda de Transporte retom\u00f3 las obras de adecuaci\u00f3n general con trabajos que incluyeron la reconstrucci\u00f3n completa de boleter\u00edas, pisos, cerramientos, cielorrasos y sanitarios, as\u00ed como la\u00a0<strong>mejora de rampas, escaleras, barandas, pasamanos y accesos.<\/strong>\u00a0Tambi\u00e9n se colocaron ascensores para garantizar la accesibilidad total.<\/p>\n<p>El plan integral abarc\u00f3 la<strong>\u00a0modernizaci\u00f3n del sistema contra incendios, el recambio de cableados\u00a0<\/strong>el\u00e9ctricos y de datos, la instalaci\u00f3n de pantallas informativas y nuevo mobiliario, adem\u00e1s de tareas de pintura, iluminaci\u00f3n y mejora de los entornos. <strong>(VW)<\/strong><\/p>\n<p>&nbsp;<\/p>\n","protected":false},"excerpt":{"rendered":"<p>Tras 10 a\u00f1os de trabajos, la l\u00ednea Roca ya tiene la estaci\u00f3n Dar\u00edo Santill\u00e1n y Maximiliano Kosteki operativa al 100%.<\/p>\n","protected":false},"author":4,"featured_media":19365,"comment_status":"closed","ping_status":"closed","sticky":false,"template":"","format":"standard","meta":{"_monsterinsights_skip_tracking":false,"_monsterinsights_sitenote_active":false,"_monsterinsights_sitenote_note":"","_monsterinsights_sitenote_category":0,"footnotes":""},"categories":[8],"tags":[8298,8296,8297,1739],"class_list":["post-19364","post","type-post","status-publish","format-standard","has-post-thumbnail","hentry","category-interes-general","tag-andenes-operativos","tag-dario-santillan-y-maximiliano-kosteki","tag-estacion-de-avellaneda","tag-trenes-argentinos"],"_links":{"self":[{"href":"https:\/\/www.visionweb.com.ar\/index.php?rest_route=\/wp\/v2\/posts\/19364","targetHints":{"allow":["GET"]}}],"collection":[{"href":"https:\/\/www.visionweb.com.ar\/index.php?rest_route=\/wp\/v2\/posts"}],"about":[{"href":"https:\/\/www.visionweb.com.ar\/index.php?rest_route=\/wp\/v2\/types\/post"}],"author":[{"embeddable":true,"href":"https:\/\/www.visionweb.com.ar\/index.php?rest_route=\/wp\/v2\/users\/4"}],"replies":[{"embeddable":true,"href":"https:\/\/www.visionweb.com.ar\/index.php?rest_route=%2Fwp%2Fv2%2Fcomments&post=19364"}],"version-history":[{"count":1,"href":"https:\/\/www.visionweb.com.ar\/index.php?rest_route=\/wp\/v2\/posts\/19364\/revisions"}],"predecessor-version":[{"id":19366,"href":"https:\/\/www.visionweb.com.ar\/index.php?rest_route=\/wp\/v2\/posts\/19364\/revisions\/19366"}],"wp:featuredmedia":[{"embeddable":true,"href":"https:\/\/www.visionweb.com.ar\/index.php?rest_route=\/wp\/v2\/media\/19365"}],"wp:attachment":[{"href":"https:\/\/www.visionweb.com.ar\/index.php?rest_route=%2Fwp%2Fv2%2Fmedia&parent=19364"}],"wp:term":[{"taxonomy":"category","embeddable":true,"href":"https:\/\/www.visionweb.com.ar\/index.php?rest_route=%2Fwp%2Fv2%2Fcategories&post=19364"},{"taxonomy":"post_tag","embeddable":true,"href":"https:\/\/www.visionweb.com.ar\/index.php?rest_route=%2Fwp%2Fv2%2Ftags&post=19364"}],"curies":[{"name":"wp","href":"https:\/\/api.w.org\/{rel}","templated":true}]}}