{"id":19356,"date":"2025-10-23T11:50:39","date_gmt":"2025-10-23T14:50:39","guid":{"rendered":"https:\/\/www.visionweb.com.ar\/?p=19356"},"modified":"2025-10-23T11:50:39","modified_gmt":"2025-10-23T14:50:39","slug":"en-la-legislatura-bonaerense-presentaron-proyectos-que-incorporan-inclusion-laboral-y-ambiental","status":"publish","type":"post","link":"https:\/\/www.visionweb.com.ar\/?p=19356","title":{"rendered":"En la legislatura bonaerense  presentaron proyectos que incorporan inclusi\u00f3n laboral y ambiental"},"content":{"rendered":"<p><em><strong>Adem\u00e1s se present\u00f3 otro proyecto de ley para crear un Registro Provincial de Transportistas de personas con discapacidad.<\/strong><\/em><!--more--><\/p>\n<p><img loading=\"lazy\" decoding=\"async\" class=\"size-medium wp-image-19357 alignright\" src=\"https:\/\/www.visionweb.com.ar\/wp-content\/uploads\/2025\/10\/INCLUSION-300x200.png\" alt=\"\" width=\"300\" height=\"200\" srcset=\"https:\/\/www.visionweb.com.ar\/wp-content\/uploads\/2025\/10\/INCLUSION-300x200.png 300w, https:\/\/www.visionweb.com.ar\/wp-content\/uploads\/2025\/10\/INCLUSION.png 640w\" sizes=\"auto, (max-width: 300px) 100vw, 300px\" \/>Se realiz\u00f3 la presentaci\u00f3n de <strong>una serie de proyectos de ley elaborados por la diputada Margarita Recalde que incorporan una perspectiva de inclusi\u00f3n laboral y ambiental en los procesos de Compras y Contrataciones de la provincia de Buenos Aires<\/strong>.<\/p>\n<p>Seg\u00fan explic\u00f3 la legisladora, <em>\u201cla idea es hacer una modificaci\u00f3n en la actual Ley de Compras y Contrataciones para incorporar la perspectiva de discapacidad a la hora de ser proveedor del Estado Provincial, trabajando con talleres protegidos y cooperativas y de esta forma tener prioridad en las compras y contrataciones\u201d.<\/em><\/p>\n<p>De este modo, ampli\u00f3 la Diputada <em>\u201caquellas empresas y pymes que quieren ser proveedoras del Estado Provincial tengan en su planta contratadas formalmente a personas con discapacidad para tener prioridad a la hora de ser proveedoras\u201d.<\/em><\/p>\n<p>As\u00ed tambi\u00e9n, fue presentado otra iniciativa\u00a0 de ley para crear un <strong>Registro Provincial de Transportistas de personas con discapacidad<\/strong> \u201c<em>para darle previsibilidad y confianza a aquellas familias que necesitan contratar a alguien para trasladar a familiares con discapacidad\u201d<\/em>, puntualiz\u00f3 Recalde.<\/p>\n<p>Por su parte, el periodista, escritor y actor <strong>Gonzalo Giles,<\/strong> activista argentino que perdi\u00f3 la voz a los cinco meses por una meningitis pero <strong>se comunica a trav\u00e9s de una aplicaci\u00f3n en su celular<\/strong>, \u00a0remarc\u00f3 que <em>\u201cel trabajo no deber\u00eda ser un privilegio sino un derecho con acceso real pero hay miles de personas con discapacidad que no consiguen empleo, no porque no puedan, sino porque el sistema no quiere verlos porque lo seguimos confundiendo con caridad, y las oportunidades con favores\u201d.<\/em><\/p>\n<p>Por tal motivo reclam\u00f3 <em>\u201cpol\u00edticas p\u00fablicas que no se queden en los slogans sino que exijan cupos reales, accesibilidad f\u00edsica en los lugares de trabajo\u201d y consider\u00f3 necesario legislar al respecto \u201cporque sin ley no hay derechos y sin derechos no hay dignidad, la igualdad no se negocia se garantiza\u201d.<\/em><\/p>\n<p>Participaron tambi\u00e9n del panel la directora Ejecutiva del Organismo Provincial de Contrataciones de la provincia de Buenos Aires, Mar\u00eda Victoria Anadon y la directora Provincial de Acceso e Inclusi\u00f3n en Salud de la provincia de Buenos Aires, Mar\u00eda Lourdes Farias.<\/p>\n<p>Adem\u00e1s estuvieron presentes <strong>autoridades provinciales, legislativas y municipales, miembros y representantes de entidades de bien p\u00fablico e invitados especiales<\/strong>.<strong>(VW)<\/strong><\/p>\n","protected":false},"excerpt":{"rendered":"<p>Adem\u00e1s se present\u00f3 otro proyecto de ley para crear un Registro Provincial de Transportistas de personas con discapacidad.<\/p>\n","protected":false},"author":3,"featured_media":19357,"comment_status":"closed","ping_status":"closed","sticky":false,"template":"","format":"standard","meta":{"_monsterinsights_skip_tracking":false,"_monsterinsights_sitenote_active":false,"_monsterinsights_sitenote_note":"","_monsterinsights_sitenote_category":0,"footnotes":""},"categories":[4,5],"tags":[8293,872,3588],"class_list":["post-19356","post","type-post","status-publish","format-standard","has-post-thumbnail","hentry","category-politica","category-sociedad","tag-inclusion","tag-legislatura","tag-proyectos"],"_links":{"self":[{"href":"https:\/\/www.visionweb.com.ar\/index.php?rest_route=\/wp\/v2\/posts\/19356","targetHints":{"allow":["GET"]}}],"collection":[{"href":"https:\/\/www.visionweb.com.ar\/index.php?rest_route=\/wp\/v2\/posts"}],"about":[{"href":"https:\/\/www.visionweb.com.ar\/index.php?rest_route=\/wp\/v2\/types\/post"}],"author":[{"embeddable":true,"href":"https:\/\/www.visionweb.com.ar\/index.php?rest_route=\/wp\/v2\/users\/3"}],"replies":[{"embeddable":true,"href":"https:\/\/www.visionweb.com.ar\/index.php?rest_route=%2Fwp%2Fv2%2Fcomments&post=19356"}],"version-history":[{"count":1,"href":"https:\/\/www.visionweb.com.ar\/index.php?rest_route=\/wp\/v2\/posts\/19356\/revisions"}],"predecessor-version":[{"id":19358,"href":"https:\/\/www.visionweb.com.ar\/index.php?rest_route=\/wp\/v2\/posts\/19356\/revisions\/19358"}],"wp:featuredmedia":[{"embeddable":true,"href":"https:\/\/www.visionweb.com.ar\/index.php?rest_route=\/wp\/v2\/media\/19357"}],"wp:attachment":[{"href":"https:\/\/www.visionweb.com.ar\/index.php?rest_route=%2Fwp%2Fv2%2Fmedia&parent=19356"}],"wp:term":[{"taxonomy":"category","embeddable":true,"href":"https:\/\/www.visionweb.com.ar\/index.php?rest_route=%2Fwp%2Fv2%2Fcategories&post=19356"},{"taxonomy":"post_tag","embeddable":true,"href":"https:\/\/www.visionweb.com.ar\/index.php?rest_route=%2Fwp%2Fv2%2Ftags&post=19356"}],"curies":[{"name":"wp","href":"https:\/\/api.w.org\/{rel}","templated":true}]}}