{"id":19353,"date":"2025-10-22T15:41:36","date_gmt":"2025-10-22T18:41:36","guid":{"rendered":"https:\/\/www.visionweb.com.ar\/?p=19353"},"modified":"2025-10-22T15:55:39","modified_gmt":"2025-10-22T18:55:39","slug":"santilli-cierra-la-campana-sin-milei-en-la-provincia","status":"publish","type":"post","link":"https:\/\/www.visionweb.com.ar\/?p=19353","title":{"rendered":"Santilli cierra la campa\u00f1a sin Milei en la Provincia"},"content":{"rendered":"<p><em><strong>El cabeza de lista dividir\u00e1 su tiempo para estar presente en el cierre de campa\u00f1a nacional de LLA que protagonizar\u00e1 el jefe de Estado en la ciudad santafesina de\u00a0Rosario<\/strong><\/em><!--more--><\/p>\n<p><img loading=\"lazy\" decoding=\"async\" class=\"size-medium wp-image-3371 alignright\" src=\"https:\/\/www.visionweb.com.ar\/wp-content\/uploads\/2021\/11\/santilli-la-plata-2-e1676374044524-300x207.bmp\" alt=\"\" width=\"300\" height=\"207\" srcset=\"https:\/\/www.visionweb.com.ar\/wp-content\/uploads\/2021\/11\/santilli-la-plata-2-e1676374044524-300x207.bmp 300w, https:\/\/www.visionweb.com.ar\/wp-content\/uploads\/2021\/11\/santilli-la-plata-2-e1676374044524.bmp 500w\" sizes=\"auto, (max-width: 300px) 100vw, 300px\" \/>El primer candidato de la\u00a0<strong>Alianza La Libertad Avanza (LLA)<\/strong>, el diputado del PRO\u00a0<strong>Diego Santilli recorre este mi\u00e9rcoles diversas localidades bonaerenses para cerrarla campa\u00f1a <\/strong>se y tiene previsto visitar la <strong>Primera y la Cuarta Secci\u00f3n Electoral,<\/strong>\u00a0rumbo a las elecciones legislativas nacionales del domingo 26 de octubre.<\/p>\n<p>Sin la presencia del presidente<strong>\u00a0Javier Milei<\/strong>, \u201cEl Colo\u201d Santilli recorrer\u00e1 esta mi\u00e9rcoles la localidad de Merlo, y luego se mostrar\u00e1 en el partido de San Mart\u00edn, para concluir en Vicente L\u00f3pez. Lo har\u00e1 para recortar la diferencia que aventaj\u00f3 a\u00a0<strong>Fuerza Patria\u00a0<\/strong>en la elecci\u00f3n del 7 de septiembre por la composici\u00f3n de la Legislatura bonaerense, en la que el peronismo se impuso por casi 14 puntos.<\/p>\n<p>Todas las localidades forman parte\u00a0la\u00a0<strong>Primera Secci\u00f3n Electoral,\u00a0<\/strong>donde el sello peronista conquist\u00f3 m\u00e1s del 47%\u00a0de los votos en septiembre, y\u00a0LLA el 37%.\u00a0Tanto Merlo como San Mart\u00edn son gobernadas por la oposici\u00f3n, por los intendentes\u00a0<strong>Gustavo Men\u00e9ndez<\/strong><strong>\u00a0<\/strong>y<strong>\u00a0Fernando Moreira<\/strong>\u00a0respectivamente, mientras que\u00a0<strong>Vicente L\u00f3pez\u00a0<\/strong>configura un territorio conocido, bajo la intendencia de\u00a0<strong>Soledad Mart\u00ednez,\u00a0<\/strong>del ri\u00f1\u00f3n del jefe de Gobierno porte\u00f1o,<strong>\u00a0Jorge Macri.\u00a0<\/strong><\/p>\n<p>Asimismo, la alianza violeta apuesta a hacer pie en la<strong>\u00a0Cuarta y la Segunda Secci\u00f3n Electoral rumbo al domingo<\/strong>. Para eso, Santilli tiene en agenda una actividad en\u00a0<strong>Jun\u00edn<\/strong>, donde el intendente\u00a0<strong>Pablo Petrecca\u00a0<\/strong>tiene peso espec\u00edfico y se presenta por fuera de la alianza, y otra m\u00e1s tarde en\u00a0<strong>Z\u00e1rate<\/strong>, con la escolta de\u00a0intendente\u00a0<strong>Marcelo Matzkin<\/strong>, que compiti\u00f3 el 7 de septiembre por el sello violeta.<\/p>\n<p>El mismo jueves, tiene en agenda volver a la\u00a0<strong>Primera Secci\u00f3n Electoral,<\/strong>\u00a0para mostrarse en el partido de\u00a0<strong>Campana<\/strong>, en compa\u00f1\u00eda del intendente del PRO,\u00a0<strong>Sebasti\u00e1n Abella.\u00a0<\/strong><\/p>\n<p>El cabeza de lista dividir\u00e1 su tiempo para estar presente en el cierre de campa\u00f1a nacional de LLA que protagonizar\u00e1 el jefe de Estado en la ciudad santafesina de\u00a0<strong>Rosario<\/strong>. El evento tendr\u00e1 lugar a las 19 en el\u00a0<strong>Parque Espa\u00f1a,<\/strong>\u00a0a orillas del R\u00edo Paran\u00e1, donde se espera el discurso final rumbo a los comicios por la composici\u00f3n del Congreso Nacional.<\/p>\n<p>Seg\u00fan supo la<em>\u00a0agencia Noticias Argentinas<\/em>, los libertarios aseguran que el legislador del PRO al tope de la n\u00f3mina, luego de la renuncia de Jos\u00e9 Luis Espert, les permiti\u00f3 descontar algunos puntos en la abultada diferencia de septiembre, y vaticinan que -por estas horas- las encuestas los ubican entre<strong>\u00a0cinco y ocho puntos\u00a0<\/strong>del peronismo en la provincia.<\/p>\n<p>En el campamento violeta rondaba la idea de que Milei escoltara a Santilli en una nueva bajada a la provincia, algo que finalmente no ocurri\u00f3. Si bien la actividad no lleg\u00f3 a confirmarse, aseguran que el mandatario evalu\u00f3 la posibilidad y desisti\u00f3 de la idea por cansancio. \u201c<strong>Est\u00e1 agotado. Viene de recorrida en recorrida\u201d,\u00a0<\/strong>lo justific\u00f3 una fuente de su entorno.<\/p>\n","protected":false},"excerpt":{"rendered":"<p>El cabeza de lista dividir\u00e1 su tiempo para estar presente en el cierre de campa\u00f1a nacional de LLA que protagonizar\u00e1 el jefe de Estado en la ciudad santafesina de\u00a0Rosario<\/p>\n","protected":false},"author":3,"featured_media":3373,"comment_status":"closed","ping_status":"closed","sticky":false,"template":"","format":"standard","meta":{"_monsterinsights_skip_tracking":false,"_monsterinsights_sitenote_active":false,"_monsterinsights_sitenote_note":"","_monsterinsights_sitenote_category":0,"footnotes":""},"categories":[1],"tags":[8292,920],"class_list":["post-19353","post","type-post","status-publish","format-standard","has-post-thumbnail","hentry","category-uncategorized","tag-campana-cierre","tag-santilli"],"_links":{"self":[{"href":"https:\/\/www.visionweb.com.ar\/index.php?rest_route=\/wp\/v2\/posts\/19353","targetHints":{"allow":["GET"]}}],"collection":[{"href":"https:\/\/www.visionweb.com.ar\/index.php?rest_route=\/wp\/v2\/posts"}],"about":[{"href":"https:\/\/www.visionweb.com.ar\/index.php?rest_route=\/wp\/v2\/types\/post"}],"author":[{"embeddable":true,"href":"https:\/\/www.visionweb.com.ar\/index.php?rest_route=\/wp\/v2\/users\/3"}],"replies":[{"embeddable":true,"href":"https:\/\/www.visionweb.com.ar\/index.php?rest_route=%2Fwp%2Fv2%2Fcomments&post=19353"}],"version-history":[{"count":1,"href":"https:\/\/www.visionweb.com.ar\/index.php?rest_route=\/wp\/v2\/posts\/19353\/revisions"}],"predecessor-version":[{"id":19354,"href":"https:\/\/www.visionweb.com.ar\/index.php?rest_route=\/wp\/v2\/posts\/19353\/revisions\/19354"}],"wp:featuredmedia":[{"embeddable":true,"href":"https:\/\/www.visionweb.com.ar\/index.php?rest_route=\/wp\/v2\/media\/3373"}],"wp:attachment":[{"href":"https:\/\/www.visionweb.com.ar\/index.php?rest_route=%2Fwp%2Fv2%2Fmedia&parent=19353"}],"wp:term":[{"taxonomy":"category","embeddable":true,"href":"https:\/\/www.visionweb.com.ar\/index.php?rest_route=%2Fwp%2Fv2%2Fcategories&post=19353"},{"taxonomy":"post_tag","embeddable":true,"href":"https:\/\/www.visionweb.com.ar\/index.php?rest_route=%2Fwp%2Fv2%2Ftags&post=19353"}],"curies":[{"name":"wp","href":"https:\/\/api.w.org\/{rel}","templated":true}]}}