{"id":19351,"date":"2025-10-22T15:32:48","date_gmt":"2025-10-22T18:32:48","guid":{"rendered":"https:\/\/www.visionweb.com.ar\/?p=19351"},"modified":"2025-10-22T15:32:48","modified_gmt":"2025-10-22T18:32:48","slug":"kicillof-cierra-la-campana-con-varios-actos-en-el-gran-buenos-aires","status":"publish","type":"post","link":"https:\/\/www.visionweb.com.ar\/?p=19351","title":{"rendered":"Kicillof cierra la campa\u00f1a con varios actos en el gran Buenos Aires"},"content":{"rendered":"<p><strong><em>El mandatario provincial encabezar\u00e1 los actos de Fuerza Patria. En Amirante Brown participara de un acto para la capacitaci\u00f3n de fiscales.<\/em><\/strong>\u00a0 <!--more--><\/p>\n<p><strong><img loading=\"lazy\" decoding=\"async\" class=\"size-medium wp-image-13509 alignright\" src=\"https:\/\/www.visionweb.com.ar\/wp-content\/uploads\/2024\/02\/Kicillof-gob-300x182.png\" alt=\"\" width=\"300\" height=\"182\" srcset=\"https:\/\/www.visionweb.com.ar\/wp-content\/uploads\/2024\/02\/Kicillof-gob-300x182.png 300w, https:\/\/www.visionweb.com.ar\/wp-content\/uploads\/2024\/02\/Kicillof-gob.png 539w\" sizes=\"auto, (max-width: 300px) 100vw, 300px\" \/>Fuerza Patria tendr\u00e1 un cierre de campa\u00f1a sin un acto central pero con distintas recorridas por el Conurbano<\/strong>. Almirante Brown es una de las escalas.<\/p>\n<p>El gobernador Axel Kicillof tiene previsto llevar a cabo este jueves una serie de mini actos de cierre en\u00a0<strong>Almirante Brown, Berazategui y San Mart\u00edn<\/strong>. Aprovechar\u00e1 actividades de gesti\u00f3n para finalizar la campa\u00f1a electoral.<\/p>\n<p><strong>En Almirante Brown, Kicillof cerrar\u00e1 la capacitaci\u00f3n de fiscales de Fuerza Patria<\/strong>. M\u00e1s tarde, se presentar\u00e1 en la escuela de polic\u00eda Juan Vucetich de Berazategui. Mientras que concluir\u00e1 el d\u00eda en San Mart\u00edn, donde se realizar\u00e1 un evento para finiquitar la campa\u00f1a.<\/p>\n<p>De las actividades participar\u00e1n los candidatos Jorge Taiana, Jimena L\u00f3pez, Juan Grabois y Sergio Palazzo.<strong>(VW)<\/strong><\/p>\n","protected":false},"excerpt":{"rendered":"<p>El mandatario provincial encabezar\u00e1 los actos de Fuerza Patria. En Amirante Brown participara de un acto para la capacitaci\u00f3n de fiscales.\u00a0<\/p>\n","protected":false},"author":3,"featured_media":13509,"comment_status":"closed","ping_status":"closed","sticky":false,"template":"","format":"standard","meta":{"_monsterinsights_skip_tracking":false,"_monsterinsights_sitenote_active":false,"_monsterinsights_sitenote_note":"","_monsterinsights_sitenote_category":0,"footnotes":""},"categories":[4],"tags":[4205,4823,1662,1986,167],"class_list":["post-19351","post","type-post","status-publish","format-standard","has-post-thumbnail","hentry","category-politica","tag-acto","tag-fiscales","tag-gba","tag-gira","tag-kicillof"],"_links":{"self":[{"href":"https:\/\/www.visionweb.com.ar\/index.php?rest_route=\/wp\/v2\/posts\/19351","targetHints":{"allow":["GET"]}}],"collection":[{"href":"https:\/\/www.visionweb.com.ar\/index.php?rest_route=\/wp\/v2\/posts"}],"about":[{"href":"https:\/\/www.visionweb.com.ar\/index.php?rest_route=\/wp\/v2\/types\/post"}],"author":[{"embeddable":true,"href":"https:\/\/www.visionweb.com.ar\/index.php?rest_route=\/wp\/v2\/users\/3"}],"replies":[{"embeddable":true,"href":"https:\/\/www.visionweb.com.ar\/index.php?rest_route=%2Fwp%2Fv2%2Fcomments&post=19351"}],"version-history":[{"count":1,"href":"https:\/\/www.visionweb.com.ar\/index.php?rest_route=\/wp\/v2\/posts\/19351\/revisions"}],"predecessor-version":[{"id":19352,"href":"https:\/\/www.visionweb.com.ar\/index.php?rest_route=\/wp\/v2\/posts\/19351\/revisions\/19352"}],"wp:featuredmedia":[{"embeddable":true,"href":"https:\/\/www.visionweb.com.ar\/index.php?rest_route=\/wp\/v2\/media\/13509"}],"wp:attachment":[{"href":"https:\/\/www.visionweb.com.ar\/index.php?rest_route=%2Fwp%2Fv2%2Fmedia&parent=19351"}],"wp:term":[{"taxonomy":"category","embeddable":true,"href":"https:\/\/www.visionweb.com.ar\/index.php?rest_route=%2Fwp%2Fv2%2Fcategories&post=19351"},{"taxonomy":"post_tag","embeddable":true,"href":"https:\/\/www.visionweb.com.ar\/index.php?rest_route=%2Fwp%2Fv2%2Ftags&post=19351"}],"curies":[{"name":"wp","href":"https:\/\/api.w.org\/{rel}","templated":true}]}}