{"id":19349,"date":"2025-10-22T15:07:35","date_gmt":"2025-10-22T18:07:35","guid":{"rendered":"https:\/\/www.visionweb.com.ar\/?p=19349"},"modified":"2025-10-22T15:07:35","modified_gmt":"2025-10-22T18:07:35","slug":"en-septiembre-la-actividad-industrial-cayo-35","status":"publish","type":"post","link":"https:\/\/www.visionweb.com.ar\/?p=19349","title":{"rendered":"En septiembre la actividad industrial cay\u00f3 3,5%"},"content":{"rendered":"<p><strong><em>Crecieron las exportaciones hacia Brasil respecto de agosto (+18,8%), en donde adem\u00e1s de los autos se sum\u00f3 la mayor exportaci\u00f3n de productos primarios influenciado en parte por la disminuci\u00f3n temporal de los derechos a la exportaci\u00f3n cerealeros y oleaginosos<\/em><\/strong><!--more--><\/p>\n<p><img loading=\"lazy\" decoding=\"async\" class=\"size-medium wp-image-3593 alignright\" src=\"https:\/\/www.visionweb.com.ar\/wp-content\/uploads\/2021\/11\/LA-INDUSTRIA-TEXTIL-FUE-UNA-DE-LAS-QUE-MAS-SE-RECUPERO-EN-AGOSTO-300x169.png\" alt=\"\" width=\"300\" height=\"169\" srcset=\"https:\/\/www.visionweb.com.ar\/wp-content\/uploads\/2021\/11\/LA-INDUSTRIA-TEXTIL-FUE-UNA-DE-LAS-QUE-MAS-SE-RECUPERO-EN-AGOSTO-300x169.png 300w, https:\/\/www.visionweb.com.ar\/wp-content\/uploads\/2021\/11\/LA-INDUSTRIA-TEXTIL-FUE-UNA-DE-LAS-QUE-MAS-SE-RECUPERO-EN-AGOSTO.png 640w\" sizes=\"auto, (max-width: 300px) 100vw, 300px\" \/>El \u00faltimo informe publicado por el Centro de Estudios de las UIA y de acuerdo a las estimaciones propias sobre la base del consumo de energ\u00eda el\u00e9ctrica, demanda industrial y consultas a l\u00edderes del sector, se indica que en septiembre de 2025, la actividad industrial <strong>mostr\u00f3 una baja del-3,5% en t\u00e9rminos interanuales y un nivel levemente inferior al de agosto (-0,2%s.e.)<\/strong> en la comparaci\u00f3n mensual.<\/p>\n<p>Seg\u00fan los primeros datos disponibles para el mes de septiembre muestran heterogeneidad, con algunos indicadores vinculados a la construcci\u00f3n y sector automotriz con incrementos, aunque otros vinculados al consumo masivo e insumos industriales con leves bajas, en tanto el resto se mantiene mantiene estable, respecto de agosto.<\/p>\n<p>De acuerdo a la informaci\u00f3n disponible hasta el momento, entre los sectores con crecimiento mensual sin estacionalidad se ubicaron los vinculados a la construcci\u00f3n (despachos de cemento +4,3%; \u00edndice construya +1,1%), presentando un leve rebote luego de la ca\u00edda de agosto.<\/p>\n<p>Sin embargo, contin\u00faa siendo uno de los sectores m\u00e1s afectados en su nivel productivo, con bajas por encima del 20% respecto a 2022 y 2023 y una demanda interna a\u00fan debilitada.<\/p>\n<p>Asimismo, en septiembre creci\u00f3 el patentamiento de maquinaria industrial (+9,2%) y la producci\u00f3n de autos (+11,9%), impulsado por las ventas al mercado externo.<\/p>\n<p>En este sentido, crecieron las exportaciones hacia Brasil respecto de agosto (+18,8%), en donde adem\u00e1s de los autos se sum\u00f3 la mayor exportaci\u00f3n de productos primarios influenciado en parte por la disminuci\u00f3n temporal de los derechos a la exportaci\u00f3n cerealeros y oleaginosos, lo que implic\u00f3 una suba de la liquidaci\u00f3n de divisas agroindustriales (+336%), pero sin impacto en la actividad industrial.<\/p>\n<p>En tanto se observ\u00f3 una ca\u00edda leve del consumo de energ\u00eda el\u00e9ctrica de Grandes Usuarios respecto de agosto (-1,1%), que reflej\u00f3 la persistencia de cierta debilidad en el conjunto de la industria.<\/p>\n<p>En este sentido, se observaron tambi\u00e9n bajas en los rubros vinculados al sector textil, productos met\u00e1licos y una demanda del sector de consumo masivo que contin\u00faa estancada.<\/p>\n<p>Con estos datos junto con las estimaciones, se observa que el nivel acumulado de la actividad industrial a\u00fan se encuentra estancada (en los mismos niveles del cuarto trimestre 2024 y en torno aun 10% por debajo de 2022 y 2023). Junto con una alta heterogeneidad sectorial al interior de la industria, con s\u00f3lo dos sectores recuper\u00e1ndose respecto del mismo periodo acumulado de 2022: los vinculados a la refinaci\u00f3n de petr\u00f3leo y la producci\u00f3n de motos, y s\u00f3lo el \u00faltimo por encima de los niveles de 2023.<\/p>\n<p>Con estos datos junto con las estimaciones, se observa que el nivel acumulado de la actividad industrial a\u00fan se encuentra estancada (en los mismos niveles del cuarto trimestre 2024 y en torno aun 10% por debajo de 2022 y 2023).<\/p>\n<p>Junto con una alta heterogeneidad sectorial el interior de la industria, se puede apreciar que s\u00f3lo dos sectores muestran s\u00edntomas de recuperaci\u00f3n, respecto del mismo periodo acumulado de 2022: los vinculados a la refinaci\u00f3n de petr\u00f3leo y la producci\u00f3n de motos, y s\u00f3lo el \u00faltimo por encima de los niveles de 2023<strong>(VW)<\/strong><\/p>\n","protected":false},"excerpt":{"rendered":"<p>Crecieron las exportaciones hacia Brasil respecto de agosto (+18,8%), en donde adem\u00e1s de los autos se sum\u00f3 la mayor exportaci\u00f3n de productos primarios influenciado en parte por la disminuci\u00f3n temporal de los derechos a&#46;&#46;&#46;<\/p>\n","protected":false},"author":3,"featured_media":3593,"comment_status":"closed","ping_status":"closed","sticky":false,"template":"","format":"standard","meta":{"_monsterinsights_skip_tracking":false,"_monsterinsights_sitenote_active":false,"_monsterinsights_sitenote_note":"","_monsterinsights_sitenote_category":0,"footnotes":""},"categories":[749],"tags":[8291,122,6399,1774],"class_list":["post-19349","post","type-post","status-publish","format-standard","has-post-thumbnail","hentry","category-pymes","tag-estancado","tag-informe","tag-sectores","tag-uia"],"_links":{"self":[{"href":"https:\/\/www.visionweb.com.ar\/index.php?rest_route=\/wp\/v2\/posts\/19349","targetHints":{"allow":["GET"]}}],"collection":[{"href":"https:\/\/www.visionweb.com.ar\/index.php?rest_route=\/wp\/v2\/posts"}],"about":[{"href":"https:\/\/www.visionweb.com.ar\/index.php?rest_route=\/wp\/v2\/types\/post"}],"author":[{"embeddable":true,"href":"https:\/\/www.visionweb.com.ar\/index.php?rest_route=\/wp\/v2\/users\/3"}],"replies":[{"embeddable":true,"href":"https:\/\/www.visionweb.com.ar\/index.php?rest_route=%2Fwp%2Fv2%2Fcomments&post=19349"}],"version-history":[{"count":1,"href":"https:\/\/www.visionweb.com.ar\/index.php?rest_route=\/wp\/v2\/posts\/19349\/revisions"}],"predecessor-version":[{"id":19350,"href":"https:\/\/www.visionweb.com.ar\/index.php?rest_route=\/wp\/v2\/posts\/19349\/revisions\/19350"}],"wp:featuredmedia":[{"embeddable":true,"href":"https:\/\/www.visionweb.com.ar\/index.php?rest_route=\/wp\/v2\/media\/3593"}],"wp:attachment":[{"href":"https:\/\/www.visionweb.com.ar\/index.php?rest_route=%2Fwp%2Fv2%2Fmedia&parent=19349"}],"wp:term":[{"taxonomy":"category","embeddable":true,"href":"https:\/\/www.visionweb.com.ar\/index.php?rest_route=%2Fwp%2Fv2%2Fcategories&post=19349"},{"taxonomy":"post_tag","embeddable":true,"href":"https:\/\/www.visionweb.com.ar\/index.php?rest_route=%2Fwp%2Fv2%2Ftags&post=19349"}],"curies":[{"name":"wp","href":"https:\/\/api.w.org\/{rel}","templated":true}]}}