{"id":19342,"date":"2025-10-22T12:58:02","date_gmt":"2025-10-22T15:58:02","guid":{"rendered":"https:\/\/www.visionweb.com.ar\/?p=19342"},"modified":"2025-10-22T12:58:02","modified_gmt":"2025-10-22T15:58:02","slug":"renuncio-el-canciller-gerardo-werthein","status":"publish","type":"post","link":"https:\/\/www.visionweb.com.ar\/?p=19342","title":{"rendered":"Renunci\u00f3 el canciller Gerardo Werthein"},"content":{"rendered":"<p><em><strong>Fue luego de d\u00edas de rumores con respecto a su futuro y la eventual inclusi\u00f3n de Santiago Caputo en el Gabinete. Luego de las cr\u00edticas por la reuni\u00f3n de Javier Milei con Donald Trump, el canciller present\u00f3 su renuncia a cuatro d\u00edas de las elecciones.\u00a0<\/strong><\/em><!--more--><\/p>\n<p><strong>\u00a0\u00a0 <img loading=\"lazy\" decoding=\"async\" class=\"size-medium wp-image-19343 alignleft\" src=\"https:\/\/www.visionweb.com.ar\/wp-content\/uploads\/2025\/10\/canciller-Werthein-y-Milei-300x215.png\" alt=\"\" width=\"300\" height=\"215\" srcset=\"https:\/\/www.visionweb.com.ar\/wp-content\/uploads\/2025\/10\/canciller-Werthein-y-Milei-300x215.png 300w, https:\/\/www.visionweb.com.ar\/wp-content\/uploads\/2025\/10\/canciller-Werthein-y-Milei.png 458w\" sizes=\"auto, (max-width: 300px) 100vw, 300px\" \/>\u00a0\u00a0 E<\/strong>l canciller\u00a0<strong>Gerardo Werthein<\/strong> <strong>present\u00f3 su renuncia en las \u00faltimas horas<\/strong>, aunque fue difundido esta ma\u00f1ana, y dejar\u00e1 el Gabinete. Ya se hablaba de un cambio en el Gabinete que inclu\u00eda su salida y el desembarco de Santiago Caputo.<\/p>\n<p>Durante el fin de semana pasado, la continuidad de Werthein se puso en tela de juicio no solo dentro del Gobierno, sino tambi\u00e9n desde su propio entorno. El desgaste se aceler\u00f3 tras las cr\u00edticas internas por la reuni\u00f3n de Milei con su par de Estados Unidos, Donald Trump, en la Casa Blanca.<\/p>\n<p>Desde Las Fuerzas del Cielo, espacio que se encolumna detr\u00e1s de Caputo, criticaron en duros t\u00e9rminos al diplom\u00e1tico argentino tras el encuentro entre Milei y Trump.<\/p>\n<p><strong>Otro factor fueron los transcendidos por el malestar e incomodidad por parte de Werthein que gener\u00f3 el rumor del desembarco del asesor Santiago Caputo en el Gabinete.<\/strong><\/p>\n<p>El funcionario saliente aleg\u00f3 diferentes motivos, entre ellos algunos roces que mantuvo en los \u00faltimos meses con otros miembros importantes del equipo de gobierno. Anticip\u00f3 adem\u00e1s que su salida se har\u00e1 efectiva el pr\u00f3ximo lunes, despu\u00e9s de las elecciones nacionales, cuando se preve\u00eda que comenzar\u00eda un recambio de gabinete.<\/p>\n<p>Lo cierto es que\u00a0<strong>se vislumbraba al ahora asesor llegando a la Jefatura de Gabinete, cargo que ocupa hoy Guillermo Francos, que pasar\u00eda a la Canciller\u00eda<\/strong>. Lo cierto es que estos cambios no fueron confirmados y hasta el propio Javier Milei precis\u00f3 que las modificaciones ser\u00e1n analizadas a partir del resultado electoral.<\/p>\n<p><strong>\u201cEl d\u00eda 26, a la noche, con todos los n\u00fameros, ver\u00e9 qu\u00e9 tipo de entramado necesito para lograr los objetivos\u201d<\/strong>, hab\u00eda asegurado m\u00e1s temprano\u00a0el presidente Milei.<\/p>\n<p>Cabe recordar, que Werthein desembarc\u00f3 en el Ministerio de Relaciones Exteriores hace casi un a\u00f1o, en lugar de la experta en finanzas Diana Mondino, quien dej\u00f3 el Palacio San Mart\u00edn en malos t\u00e9rminos con la c\u00fapula libertaria. <strong>(VW)<\/strong><\/p>\n","protected":false},"excerpt":{"rendered":"<p>Fue luego de d\u00edas de rumores con respecto a su futuro y la eventual inclusi\u00f3n de Santiago Caputo en el Gabinete. Luego de las cr\u00edticas por la reuni\u00f3n de Javier Milei con Donald Trump,&#46;&#46;&#46;<\/p>\n","protected":false},"author":4,"featured_media":19343,"comment_status":"closed","ping_status":"closed","sticky":false,"template":"","format":"standard","meta":{"_monsterinsights_skip_tracking":false,"_monsterinsights_sitenote_active":false,"_monsterinsights_sitenote_note":"","_monsterinsights_sitenote_category":0,"footnotes":""},"categories":[4],"tags":[8286,4530,1724],"class_list":["post-19342","post","type-post","status-publish","format-standard","has-post-thumbnail","hentry","category-politica","tag-canciller-gerardo-werthein","tag-milei","tag-renuncia"],"_links":{"self":[{"href":"https:\/\/www.visionweb.com.ar\/index.php?rest_route=\/wp\/v2\/posts\/19342","targetHints":{"allow":["GET"]}}],"collection":[{"href":"https:\/\/www.visionweb.com.ar\/index.php?rest_route=\/wp\/v2\/posts"}],"about":[{"href":"https:\/\/www.visionweb.com.ar\/index.php?rest_route=\/wp\/v2\/types\/post"}],"author":[{"embeddable":true,"href":"https:\/\/www.visionweb.com.ar\/index.php?rest_route=\/wp\/v2\/users\/4"}],"replies":[{"embeddable":true,"href":"https:\/\/www.visionweb.com.ar\/index.php?rest_route=%2Fwp%2Fv2%2Fcomments&post=19342"}],"version-history":[{"count":1,"href":"https:\/\/www.visionweb.com.ar\/index.php?rest_route=\/wp\/v2\/posts\/19342\/revisions"}],"predecessor-version":[{"id":19344,"href":"https:\/\/www.visionweb.com.ar\/index.php?rest_route=\/wp\/v2\/posts\/19342\/revisions\/19344"}],"wp:featuredmedia":[{"embeddable":true,"href":"https:\/\/www.visionweb.com.ar\/index.php?rest_route=\/wp\/v2\/media\/19343"}],"wp:attachment":[{"href":"https:\/\/www.visionweb.com.ar\/index.php?rest_route=%2Fwp%2Fv2%2Fmedia&parent=19342"}],"wp:term":[{"taxonomy":"category","embeddable":true,"href":"https:\/\/www.visionweb.com.ar\/index.php?rest_route=%2Fwp%2Fv2%2Fcategories&post=19342"},{"taxonomy":"post_tag","embeddable":true,"href":"https:\/\/www.visionweb.com.ar\/index.php?rest_route=%2Fwp%2Fv2%2Ftags&post=19342"}],"curies":[{"name":"wp","href":"https:\/\/api.w.org\/{rel}","templated":true}]}}