{"id":19338,"date":"2025-10-22T12:26:29","date_gmt":"2025-10-22T15:26:29","guid":{"rendered":"https:\/\/www.visionweb.com.ar\/?p=19338"},"modified":"2025-10-22T12:26:29","modified_gmt":"2025-10-22T15:26:29","slug":"la-solidaridad-en-el-centro-de-la-escena-11-edicion-de-la-gala-de-fleni-en-el-teatro-colon","status":"publish","type":"post","link":"https:\/\/www.visionweb.com.ar\/?p=19338","title":{"rendered":"La solidaridad en el centro de la escena: 11\u00b0 edici\u00f3n de la Gala de Fleni en el Teatro Col\u00f3n"},"content":{"rendered":"<p style=\"text-align: left;\"><em><strong>El p\u00fablico disfrut\u00f3 de una velada cargada de emoci\u00f3n y una exquisita\u00a0<\/strong><\/em><em><strong>presentaci\u00f3n del Ensamble Sinf\u00f3nico 21 bajo la direcci\u00f3n de Ezequiel <\/strong><\/em><em><strong>Silberstein y la voz del tenor Pablo Truchljak. Todo lo recaudado ser\u00e1\u00a0<\/strong><\/em><em><strong>destinado al Proyecto Anual + Tecnolog\u00eda, + Salud de renovaci\u00f3n de\u00a0<\/strong><\/em><em><strong>equipamiento para diagn\u00f3stico, tratamiento e investigaci\u00f3n.<\/strong><\/em><!--more--><\/p>\n<p>\u00a0 <img loading=\"lazy\" decoding=\"async\" class=\"size-medium wp-image-19339 alignright\" src=\"https:\/\/www.visionweb.com.ar\/wp-content\/uploads\/2025\/10\/Gala-Fleni-2025-300x200.jpg\" alt=\"\" width=\"300\" height=\"200\" srcset=\"https:\/\/www.visionweb.com.ar\/wp-content\/uploads\/2025\/10\/Gala-Fleni-2025-300x200.jpg 300w, https:\/\/www.visionweb.com.ar\/wp-content\/uploads\/2025\/10\/Gala-Fleni-2025.jpg 540w\" sizes=\"auto, (max-width: 300px) 100vw, 300px\" \/> \u00a0 \u00a0<strong>L<\/strong>a <strong>Fundaci\u00f3n Fleni<\/strong> realiz\u00f3 con gran emoci\u00f3n, su <strong>11\u00b0 edici\u00f3n de la Gala Solidaria en el Teatro Col\u00f3n<\/strong>, la cual tuvo como protagonistas al <strong>Ensamble Sinf\u00f3nico 21<\/strong> bajo la direcci\u00f3n de <strong>Ezequiel Silberstein<\/strong> y la presentaci\u00f3n del <strong>tenor Pablo Truchljak<\/strong>.<\/p>\n<p>Nuevamente, la <strong>m\u00fasica cl\u00e1sica<\/strong> despert\u00f3 la empat\u00eda del p\u00fablico que apoy\u00f3\u00a0este evento solidario, donde todo lo recaudado se destinar\u00e1 al <strong>Proyecto\u00a0<\/strong><strong>Anual + Tecnolog\u00eda, + Salud<\/strong> de renovaci\u00f3n de equipamiento para\u00a0diagn\u00f3stico, tratamiento e investigaci\u00f3n, inform\u00f3 <strong>Prensa de Fleni<\/strong>.<\/p>\n<p>En una noche donde la solidaridad y la m\u00fasica llegaron al coraz\u00f3n del p\u00fablico\u00a0presente, Tet\u00e9 Coustarot condujo la velada con su calidez y prestancia\u00a0habitual.<\/p>\n<p><strong>Paula Di Tella, presidenta de Fleni <\/strong>brind\u00f3 unas palabras de reconocimiento a\u00a0los profesionales de la instituci\u00f3n que d\u00eda a d\u00eda trabajan para los pacientes y\u00a0agradeci\u00f3 al p\u00fablico presente por el apoyo en esta nueva edici\u00f3n. Adem\u00e1s,\u00a0explic\u00f3 la <strong>necesidad constante de actualizaci\u00f3n del equipamiento t\u00e9cnico<\/strong>,\u00a0para continuar brindando una atenci\u00f3n de excelencia.<\/p>\n<p>El <strong>Dr. Gustavo Sevlever<\/strong>, <strong>director de Docencia e Investigaci\u00f3n de Fleni<\/strong> dio\u00a0cuenta del rol fundamental de la investigaci\u00f3n, la importancia e impacto que\u00a0tiene la generaci\u00f3n de conocimiento cient\u00edfico de Fleni. <strong>Investigaciones que\u00a0<\/strong><strong>abarcan desde el nivel molecular hasta estudios poblacionales<\/strong>, con\u00a0colaboraciones a nivel internacional. Destac\u00f3 tambi\u00e9n la responsabilidad \u00e9tica\u00a0hacia los pacientes.<\/p>\n<p>Por su parte, el <strong>Dr. Claudio Pensa<\/strong>, <strong>director M\u00e9dico de Fleni<\/strong> agradeci\u00f3\u00a0nuevamente a los equipos profesionales -tanto del \u00e1rea de salud como de\u00a0administraci\u00f3n- a los benefactores y p\u00fablico presente. Resalt\u00f3 el diferencial\u00a0de Fleni como instituci\u00f3n de salud dado por la <strong>experiencia, la trayectoria, el\u00a0entrenamiento, la investigaci\u00f3n en neurociencias y el volumen de pacientes<\/strong>.<\/p>\n<p>Adem\u00e1s, destac\u00f3 los valores que distinguen a Fleni: Calidad y resultados m\u00e9dicos, seguridad, excelencia, empat\u00eda y humanidad, integridad, curiosidad\u00a0e innovaci\u00f3n, responsabilidad y disciplina, entre otros.<\/p>\n<p><strong>Un show que lleg\u00f3 a los corazones<\/strong><\/p>\n<p>Bajo la elegante <strong>direcci\u00f3n de Silberstein la orquesta interpret\u00f3<\/strong> piezas del\u00a0repertorio cl\u00e1sico de <strong>Franz von Supp\u00e9; Piotr Tchaikovsky; Giuseppe Verdi;\u00a0<\/strong><strong>Edvard Grieg; Johann Strauss; Gioachino Rossini y Anton\u00edn Dvo\u0159\u00e1k<\/strong>. Adem\u00e1s, para deleite del p\u00fablico, interpretaron melod\u00edas emocionantes como Conga\u00a0del Fuego Nuevo de Arturo M\u00e1rquez y el Tema de Amor de Cinema Paradiso de\u00a0Ennio Morricone.<\/p>\n<p>La magn\u00e9tica voz de <strong>Pablo Truchljak<\/strong> despert\u00f3 los aplausos al interpretar\u00a0<strong>Largo al factotum de la reconocida obra El Barbero de Sevilla de Gioachino\u00a0<\/strong><strong>Rossini<\/strong>.<\/p>\n<p>Como cierre, el Director de la orquesta invit\u00f3 al p\u00fablico a acompa\u00f1ar la\u00a0conocida <strong>Marcha Radetzky de Johann Strauss<\/strong>, donde todos los asistentes\u00a0siguieron con las palmas sus indicaciones.<\/p>\n<p>La Gala cont\u00f3 con la presencia de numerosas personalidades de distintos\u00a0\u00e1mbitos como: Francisco De Narv\u00e1ez; Fernando Storchi, CEO de Megatlon;\u00a0Mart\u00edn Berardi, presidente de Ternium Argentina; Leonardo Cifelli, secretario\u00a0de Cultura de la Naci\u00f3n; Daniel Salamone, presidente del Consejo Nacional de\u00a0Investigaciones Cient\u00edficas y T\u00e9cnicas (CONICET); Lino Bara\u00f1ao, Ex Ministro de\u00a0Ciencia, Tecnolog\u00eda e Innovaci\u00f3n Productiva; Estanislao Bachrach,\u00a0neurocient\u00edfico.<\/p>\n<p>Adem\u00e1s, estuvieron presentes figuras del mundo art\u00edstico y\u00a0de los medios como Carolina \u201cPampita\u201d Ardohain y su pareja Mart\u00edn Pepa;\u00a0An\u00edbal y Sof\u00eda Pachano; Ana Sanz; Julieta Novarro; Liliana Parodi; Guillermo\u00a0Lobo; Eleonora Perez Caressi; las influencers Agustina Ramos Mej\u00eda\u00a0(@Looked_conneted) y Griselda Pelozo (@Glamureando).<\/p>\n<div id=\"attachment_19340\" style=\"width: 310px\" class=\"wp-caption alignleft\"><img loading=\"lazy\" decoding=\"async\" aria-describedby=\"caption-attachment-19340\" class=\"wp-image-19340 size-medium\" src=\"https:\/\/www.visionweb.com.ar\/wp-content\/uploads\/2025\/10\/Voluntarios-de-Fleni-y-Paula-Di-Tella-300x231.jpg\" alt=\"\" width=\"300\" height=\"231\" srcset=\"https:\/\/www.visionweb.com.ar\/wp-content\/uploads\/2025\/10\/Voluntarios-de-Fleni-y-Paula-Di-Tella-300x231.jpg 300w, https:\/\/www.visionweb.com.ar\/wp-content\/uploads\/2025\/10\/Voluntarios-de-Fleni-y-Paula-Di-Tella.jpg 538w\" sizes=\"auto, (max-width: 300px) 100vw, 300px\" \/><p id=\"caption-attachment-19340\" class=\"wp-caption-text\">Voluntarios de Fleni, junto a Paula Di Tella, presidenta de Fleni y Comit\u00e9 Ejecutivo. Foto gentileza Prensa<\/p><\/div>\n<p><strong>Proyecto Anual + Tecnolog\u00eda + Salud<\/strong><\/p>\n<p>Fleni es una organizaci\u00f3n sin fines de lucro con m\u00e1s de 65 a\u00f1os de\u00a0trayectoria en la prestaci\u00f3n integral de patolog\u00edas neurol\u00f3gicas que incluye\u00a0la prevenci\u00f3n, el diagn\u00f3stico, el tratamiento y la rehabilitaci\u00f3n.<\/p>\n<p>En Fleni todos <strong>los ingresos se destinan a la mejora continua para ofrecer atenci\u00f3n de\u00a0<\/strong><strong>primer nivel a los pacientes y capacitaci\u00f3n permanente a los equipos m\u00e9dicos\u00a0<\/strong><strong>y de investigaci\u00f3n<\/strong>. De all\u00ed la necesidad e impacto que tiene en la instituci\u00f3n\u00a0la colaboraci\u00f3n de individuos y entidades para brindar servicios de\u00a0vanguardia.<\/p>\n<p>Los equipos profesionales de Fleni se caracterizan por su constante <strong>labor en\u00a0investigaci\u00f3n y docencia<\/strong> mediante las residencias y los diferentes laboratorios\u00a0<strong>en asociaci\u00f3n con el Consejo Nacional de Investigaciones Cient\u00edficas y\u00a0T\u00e9cnicas (CONICET)<\/strong>.<\/p>\n<p>La medicina de calidad es una combinaci\u00f3n de recursos humanos\u00a0calificados, tecnolog\u00eda m\u00e9dica y estructura edilicia. Para lograr los objetivos\u00a0asistenciales y cient\u00edficos de Fleni se requiere de una actualizaci\u00f3n constante\u00a0de la mejor tecnolog\u00eda.<\/p>\n<p>A trav\u00e9s del <strong>Proyecto Anual + Tecnolog\u00eda + Salud<\/strong> se busca incorporar una\u00a0serie de <strong>equipos para los servicios de Neurocirug\u00eda, Psiquiatr\u00eda,\u00a0<\/strong><strong>Neurootolog\u00eda, Unidad de Terapia Intensiva de Adultos y Diagn\u00f3stico por\u00a0<\/strong><strong>Im\u00e1genes<\/strong>.<\/p>\n<p>Se espera contar con un Resonador Magn\u00e9tico 1.5 Tesla conInteligencia Artificial; incorporaci\u00f3n de inteligencia artificial a los resonadores3 Tesla; tambi\u00e9n se incluir\u00e1n nuevos equipos fijos de Radiolog\u00eda en la Sede\u00a0Belgrano y Sede Escobar que brindar\u00e1n im\u00e1genes de alta calidad con menor\u00a0radiaci\u00f3n y permiten diagn\u00f3sticos m\u00e1s veloces y seguros. Adem\u00e1s, se espera la\u00a0adquisici\u00f3n de un Microscopio para Neurocirug\u00eda, la modernizaci\u00f3n de este\u00a0equipo ofrecer\u00e1 mayor efectividad en las cirug\u00edas neurol\u00f3gicas.<\/p>\n<p>En los \u00faltimos 10 a\u00f1os Fleni ha atendido a m\u00e1s de 10 millones de pacientes y\u00a0ha realizado m\u00e1s de 12.000 neurocirug\u00edas. La renovaci\u00f3n de equipos para los\u00a0servicios de la instituci\u00f3n busca brindar a todos los profesionales los mejores\u00a0recursos tecnol\u00f3gicos disponibles en pos de la salud y la investigaci\u00f3n en\u00a0neurociencias.<\/p>\n<p><strong>Acerca de Fleni<\/strong><\/p>\n<p>Fleni es una entidad de bien p\u00fablico dedicada a la prevenci\u00f3n, diagn\u00f3stico, tratamiento y rehabilitaci\u00f3n de las\u00a0enfermedades neurol\u00f3gicas tanto en ni\u00f1os como en adolescentes y adultos. Cumple sus objetivos procurando utilizar\u00a0las t\u00e9cnicas m\u00e1s avanzadas de organizaci\u00f3n y equipamiento en cada una de las etapas de detecci\u00f3n, asistencia e\u00a0investigaci\u00f3n. Adem\u00e1s, fomenta la difusi\u00f3n de conocimientos m\u00e9dicos a trav\u00e9s de la adjudicaci\u00f3n de becas y subsidios, y organizaci\u00f3n de seminarios y reuniones tanto en el pa\u00eds como en el exterior.<\/p>\n<p>El Hospital de Agudos de Neurolog\u00eda y Neurocirug\u00eda que conforma la Sede Belgrano cuenta con 19.000 m 2 cubiertos y\u00a0un total de 870 empleados, y la Sede Escobar con 21.000 m 2 y 430 recursos humanos.\u00a0Para m\u00e1s informaci\u00f3n: <a href=\"http:\/\/www.fleni.org.ar\">www.fleni.org.ar<\/a> <strong>(VW)<\/strong><\/p>\n","protected":false},"excerpt":{"rendered":"<p>El p\u00fablico disfrut\u00f3 de una velada cargada de emoci\u00f3n y una exquisita\u00a0presentaci\u00f3n del Ensamble Sinf\u00f3nico 21 bajo la direcci\u00f3n de Ezequiel Silberstein y la voz del tenor Pablo Truchljak. Todo lo recaudado ser\u00e1\u00a0destinado al&#46;&#46;&#46;<\/p>\n","protected":false},"author":4,"featured_media":19339,"comment_status":"closed","ping_status":"closed","sticky":false,"template":"","format":"standard","meta":{"_monsterinsights_skip_tracking":false,"_monsterinsights_sitenote_active":false,"_monsterinsights_sitenote_note":"","_monsterinsights_sitenote_category":0,"footnotes":""},"categories":[8],"tags":[8285,4942,4943],"class_list":["post-19338","post","type-post","status-publish","format-standard","has-post-thumbnail","hentry","category-interes-general","tag-11-edicion","tag-gala-fleni","tag-teatro-colon"],"_links":{"self":[{"href":"https:\/\/www.visionweb.com.ar\/index.php?rest_route=\/wp\/v2\/posts\/19338","targetHints":{"allow":["GET"]}}],"collection":[{"href":"https:\/\/www.visionweb.com.ar\/index.php?rest_route=\/wp\/v2\/posts"}],"about":[{"href":"https:\/\/www.visionweb.com.ar\/index.php?rest_route=\/wp\/v2\/types\/post"}],"author":[{"embeddable":true,"href":"https:\/\/www.visionweb.com.ar\/index.php?rest_route=\/wp\/v2\/users\/4"}],"replies":[{"embeddable":true,"href":"https:\/\/www.visionweb.com.ar\/index.php?rest_route=%2Fwp%2Fv2%2Fcomments&post=19338"}],"version-history":[{"count":1,"href":"https:\/\/www.visionweb.com.ar\/index.php?rest_route=\/wp\/v2\/posts\/19338\/revisions"}],"predecessor-version":[{"id":19341,"href":"https:\/\/www.visionweb.com.ar\/index.php?rest_route=\/wp\/v2\/posts\/19338\/revisions\/19341"}],"wp:featuredmedia":[{"embeddable":true,"href":"https:\/\/www.visionweb.com.ar\/index.php?rest_route=\/wp\/v2\/media\/19339"}],"wp:attachment":[{"href":"https:\/\/www.visionweb.com.ar\/index.php?rest_route=%2Fwp%2Fv2%2Fmedia&parent=19338"}],"wp:term":[{"taxonomy":"category","embeddable":true,"href":"https:\/\/www.visionweb.com.ar\/index.php?rest_route=%2Fwp%2Fv2%2Fcategories&post=19338"},{"taxonomy":"post_tag","embeddable":true,"href":"https:\/\/www.visionweb.com.ar\/index.php?rest_route=%2Fwp%2Fv2%2Ftags&post=19338"}],"curies":[{"name":"wp","href":"https:\/\/api.w.org\/{rel}","templated":true}]}}