{"id":19331,"date":"2025-10-21T10:43:38","date_gmt":"2025-10-21T13:43:38","guid":{"rendered":"https:\/\/www.visionweb.com.ar\/?p=19331"},"modified":"2025-10-21T10:43:38","modified_gmt":"2025-10-21T13:43:38","slug":"la-ley-de-emergencia-pediatrica-quedo-promulgada-pero-tampoco-se-ejecutara","status":"publish","type":"post","link":"https:\/\/www.visionweb.com.ar\/?p=19331","title":{"rendered":"La ley de emergencia pedi\u00e1trica qued\u00f3 promulgada, pero tampoco se ejecutar\u00e1"},"content":{"rendered":"<p><em><strong>\u00a0<\/strong><strong>La puesta en marcha queda suspendida hasta que el Congreso defina las fuentes de financiamiento y se incluyan las partidas necesarias en el Presupuesto.<\/strong><\/em><!--more--><\/p>\n<p><img loading=\"lazy\" decoding=\"async\" class=\"size-medium wp-image-18194 alignright\" src=\"https:\/\/www.visionweb.com.ar\/wp-content\/uploads\/2025\/05\/GARRAHAM-300x169.png\" alt=\"\" width=\"300\" height=\"169\" srcset=\"https:\/\/www.visionweb.com.ar\/wp-content\/uploads\/2025\/05\/GARRAHAM-300x169.png 300w, https:\/\/www.visionweb.com.ar\/wp-content\/uploads\/2025\/05\/GARRAHAM.png 640w\" sizes=\"auto, (max-width: 300px) 100vw, 300px\" \/>\u00a0\u00a0 <strong>E<\/strong>l Gobierno <strong>promulg\u00f3 y suspendi\u00f3<\/strong> la aplicaci\u00f3n de la <strong>Ley de Emergencia Pedi\u00e1trica<\/strong>, que fue publicada hoy en el Bolet\u00edn Oficial. As\u00ed, no habr\u00e1 reglamentaci\u00f3n ni ejecuci\u00f3n de la iniciativa que buscaba garantizar el funcionamiento del hospital Dr. Juan Pedro Garrahan.<\/p>\n<p>La Ley 27.796, que fue\u00a0<a href=\"https:\/\/www.boletinoficial.gob.ar\/detalleAviso\/primera\/333141\/20251021\">publicada\u00a0<\/a>pero suspendida, plantea la asignaci\u00f3n prioritaria e inmediata de\u00a0<strong>recursos presupuestarios para bienes de uso y consumo, insumos cr\u00edticos, mantenimiento de infraestructura, medicamentos, vacunas, tecnolog\u00edas m\u00e9dicas y personal esencial destinados al cuidado y atenci\u00f3n pedi\u00e1trica en el pa\u00eds<\/strong>.<\/p>\n<p>Adem\u00e1s, contempla la\u00a0<strong>recomposici\u00f3n inmediata de los salarios<\/strong>\u00a0del <strong>personal de salud asistencial y no asistencial<\/strong> que atiende a la poblaci\u00f3n pedi\u00e1trica con criterios de equiparaci\u00f3n y reconocimiento por funciones cr\u00edticas. Se incluye a los residentes.<\/p>\n<p>El Gobierno de\u00a0<strong>Milei\u00a0<\/strong>calcul\u00f3 que la puesta en marcha del r\u00e9gimen exigir\u00eda una inversi\u00f3n de $196.270 millones, un monto que supera la disponibilidad presupuestaria del\u00a0<strong>Ministerio de Salud\u00a0<\/strong>y que equivale al 30% del total nacional destinado a medicamentos y tecnolog\u00eda sanitaria.<\/p>\n<p>\u201cEl Poder Ejecutivo nacional reasignar\u00e1 partidas presupuestarias correspondientes al Ministerio de Salud, dentro del ejercicio fiscal vigente, y podr\u00e1 ampliar los recursos mediante el uso de reservas destinadas a contingencias sanitarias\u201d, indica.<\/p>\n<p>Tal como la Emergencia en Discapacidad y el Financiamiento Universitario, la explicaci\u00f3n del Gobierno de Javier Milei es que\u00a0<strong>no se especifica de d\u00f3nde se sacar\u00e1n los recursos necesarios<\/strong>, sobre la base que no hay Presupuesto. El Congreso rechaz\u00f3\u00a0los vetos presidenciales a las tres normas suspendidas. <strong>(VW)<\/strong><\/p>\n","protected":false},"excerpt":{"rendered":"<p>\u00a0La puesta en marcha queda suspendida hasta que el Congreso defina las fuentes de financiamiento y se incluyan las partidas necesarias en el Presupuesto.<\/p>\n","protected":false},"author":4,"featured_media":18194,"comment_status":"closed","ping_status":"closed","sticky":false,"template":"","format":"standard","meta":{"_monsterinsights_skip_tracking":false,"_monsterinsights_sitenote_active":false,"_monsterinsights_sitenote_note":"","_monsterinsights_sitenote_category":0,"footnotes":""},"categories":[4],"tags":[8281,8280],"class_list":["post-19331","post","type-post","status-publish","format-standard","has-post-thumbnail","hentry","category-politica","tag-ley-emergencia-pediatrica","tag-promulgada-y-suspendida"],"_links":{"self":[{"href":"https:\/\/www.visionweb.com.ar\/index.php?rest_route=\/wp\/v2\/posts\/19331","targetHints":{"allow":["GET"]}}],"collection":[{"href":"https:\/\/www.visionweb.com.ar\/index.php?rest_route=\/wp\/v2\/posts"}],"about":[{"href":"https:\/\/www.visionweb.com.ar\/index.php?rest_route=\/wp\/v2\/types\/post"}],"author":[{"embeddable":true,"href":"https:\/\/www.visionweb.com.ar\/index.php?rest_route=\/wp\/v2\/users\/4"}],"replies":[{"embeddable":true,"href":"https:\/\/www.visionweb.com.ar\/index.php?rest_route=%2Fwp%2Fv2%2Fcomments&post=19331"}],"version-history":[{"count":1,"href":"https:\/\/www.visionweb.com.ar\/index.php?rest_route=\/wp\/v2\/posts\/19331\/revisions"}],"predecessor-version":[{"id":19332,"href":"https:\/\/www.visionweb.com.ar\/index.php?rest_route=\/wp\/v2\/posts\/19331\/revisions\/19332"}],"wp:featuredmedia":[{"embeddable":true,"href":"https:\/\/www.visionweb.com.ar\/index.php?rest_route=\/wp\/v2\/media\/18194"}],"wp:attachment":[{"href":"https:\/\/www.visionweb.com.ar\/index.php?rest_route=%2Fwp%2Fv2%2Fmedia&parent=19331"}],"wp:term":[{"taxonomy":"category","embeddable":true,"href":"https:\/\/www.visionweb.com.ar\/index.php?rest_route=%2Fwp%2Fv2%2Fcategories&post=19331"},{"taxonomy":"post_tag","embeddable":true,"href":"https:\/\/www.visionweb.com.ar\/index.php?rest_route=%2Fwp%2Fv2%2Ftags&post=19331"}],"curies":[{"name":"wp","href":"https:\/\/api.w.org\/{rel}","templated":true}]}}