{"id":19329,"date":"2025-10-21T10:28:55","date_gmt":"2025-10-21T13:28:55","guid":{"rendered":"https:\/\/www.visionweb.com.ar\/?p=19329"},"modified":"2025-10-21T10:28:55","modified_gmt":"2025-10-21T13:28:55","slug":"el-gobierno-promulgo-la-ley-de-financiamiento-universitario-y-la-suspendio","status":"publish","type":"post","link":"https:\/\/www.visionweb.com.ar\/?p=19329","title":{"rendered":"El Gobierno promulg\u00f3 la Ley de Financiamiento Universitario y la suspendi\u00f3"},"content":{"rendered":"<p><em><strong>La ley qued\u00f3 suspendida y hoy hay paro de 24 horas en casas de altos estudios.<\/strong><\/em><!--more--><\/p>\n<p><strong>\u00a0 <img loading=\"lazy\" decoding=\"async\" class=\"size-medium wp-image-16219 alignright\" src=\"https:\/\/www.visionweb.com.ar\/wp-content\/uploads\/2024\/10\/EXODO-UNIVERSIDADES-300x160.png\" alt=\"\" width=\"300\" height=\"160\" srcset=\"https:\/\/www.visionweb.com.ar\/wp-content\/uploads\/2024\/10\/EXODO-UNIVERSIDADES-300x160.png 300w, https:\/\/www.visionweb.com.ar\/wp-content\/uploads\/2024\/10\/EXODO-UNIVERSIDADES.png 640w\" sizes=\"auto, (max-width: 300px) 100vw, 300px\" \/>\u00a0 E<\/strong>l <strong>Gobierno de Javier Milei\u00a0<\/strong><strong><a href=\"https:\/\/www.boletinoficial.gob.ar\/detalleAviso\/primera\/333139\/20251021\">public\u00f3 en el Bolet\u00edn Oficial\u00a0<\/a><\/strong><strong>la Ley de Financiamiento Universitario, pero la suspendi\u00f3 hasta tanto se defina de d\u00f3nde saldr\u00e1 el dinero para garantizar el financiamiento\u00a0de las casas de altos estudios<\/strong>. Con esta acci\u00f3n, cumple con sus obligaciones pero no ejecutar\u00e1 la iniciativa.<\/p>\n<p>\u201cAl abordar los recursos destinados a financiar el incremento presupuestario propuesto, lo hace de manera gen\u00e9rica, sin precisar las sumas de cr\u00e9dito necesarias, limit\u00e1ndose a habilitar una readecuaci\u00f3n de partidas presupuestarias\u201d, se\u00f1ala el\u00a0<a href=\"https:\/\/www.boletinoficial.gob.ar\/detalleAviso\/primera\/333140\/20251021\">texto<\/a>.<\/p>\n<p>Y aclara que \u201cun mayor gasto sin respaldo real debe financiarse con emisi\u00f3n monetaria sin un anclaje de sostenibilidad, lo que se traslada en un costo al conjunto de la sociedad, en tanto la emisi\u00f3n presiona sobre los precios y erosiona el poder adquisitivo de los salarios\u201d.<\/p>\n<p>La definici\u00f3n de la suspensi\u00f3n:\u00a0<strong>\u201cToda ley que autorice o disponga gastos deber\u00e1 prever en forma expresa el financiamiento de los mismos. En caso contrario quedar\u00e1 suspendida su ejecuci\u00f3n hasta tanto se incluyan las partidas correspondientes en el presupuesto nacional\u201d<\/strong>.<\/p>\n<p><strong>Los gremios que nuclean a docentes y no docentes de las universidades realizan este martes un paro de 24 horas<\/strong>, pero se espera una profundizaci\u00f3n de las medidas de fuerza a partir de la publicaci\u00f3n de la Ley con su consecuente suspensi\u00f3n.<\/p>\n<p><strong>Paro de docentes y no docentes<\/strong><\/p>\n<p>La Federaci\u00f3n de Docentes de las Universidades (<a href=\"https:\/\/x.com\/FEDUNArgentina\">FEDUN<\/a>) y la Federaci\u00f3n Argentina del Trabajador de las Universidades Nacionales (<a href=\"https:\/\/x.com\/fatunoficial\">FATUN<\/a>) realizan hoy un paro de 24 horas en universidades de todo el pa\u00eds.<\/p>\n<p>\u201cLas y los argentinos queremos financiamiento para para las universidades p\u00fablicas.\u00a0<strong>El 26\/10 votamos candidatas\/os que defiendan las universidades p\u00fablicas y a la democracia\u201d<\/strong>, convoc\u00f3 el gremio de los docentes universitarios.<\/p>\n<p>Asimismo, el sindicato de trabajadores no docentes remarc\u00f3 que \u201csin aplicaci\u00f3n de la Ley, hay paro\u201d.<\/p>\n<p>El\u00a0Consejo Universitario Nacional (<strong>CIN)<\/strong>\u00a0<strong>destac\u00f3 que la\u00a0Ley N\u00ba 27.795\u00a0fue el resultado de un proceso de trabajo <\/strong>con aportes de todas las representaciones acad\u00e9micas y su posterior debate<strong> y aprobaci\u00f3n en el Congreso, ratificada por amplia mayor\u00eda en ambas c\u00e1maras tras el veto presidencial. (VW)<\/strong><\/p>\n","protected":false},"excerpt":{"rendered":"<p>La ley qued\u00f3 suspendida y hoy hay paro de 24 horas en casas de altos estudios.<\/p>\n","protected":false},"author":4,"featured_media":16219,"comment_status":"closed","ping_status":"closed","sticky":false,"template":"","format":"standard","meta":{"_monsterinsights_skip_tracking":false,"_monsterinsights_sitenote_active":false,"_monsterinsights_sitenote_note":"","_monsterinsights_sitenote_category":0,"footnotes":""},"categories":[4],"tags":[6813,7381,8280],"class_list":["post-19329","post","type-post","status-publish","format-standard","has-post-thumbnail","hentry","category-politica","tag-ley-financiamiento-universitario","tag-paro-universidades","tag-promulgada-y-suspendida"],"_links":{"self":[{"href":"https:\/\/www.visionweb.com.ar\/index.php?rest_route=\/wp\/v2\/posts\/19329","targetHints":{"allow":["GET"]}}],"collection":[{"href":"https:\/\/www.visionweb.com.ar\/index.php?rest_route=\/wp\/v2\/posts"}],"about":[{"href":"https:\/\/www.visionweb.com.ar\/index.php?rest_route=\/wp\/v2\/types\/post"}],"author":[{"embeddable":true,"href":"https:\/\/www.visionweb.com.ar\/index.php?rest_route=\/wp\/v2\/users\/4"}],"replies":[{"embeddable":true,"href":"https:\/\/www.visionweb.com.ar\/index.php?rest_route=%2Fwp%2Fv2%2Fcomments&post=19329"}],"version-history":[{"count":1,"href":"https:\/\/www.visionweb.com.ar\/index.php?rest_route=\/wp\/v2\/posts\/19329\/revisions"}],"predecessor-version":[{"id":19330,"href":"https:\/\/www.visionweb.com.ar\/index.php?rest_route=\/wp\/v2\/posts\/19329\/revisions\/19330"}],"wp:featuredmedia":[{"embeddable":true,"href":"https:\/\/www.visionweb.com.ar\/index.php?rest_route=\/wp\/v2\/media\/16219"}],"wp:attachment":[{"href":"https:\/\/www.visionweb.com.ar\/index.php?rest_route=%2Fwp%2Fv2%2Fmedia&parent=19329"}],"wp:term":[{"taxonomy":"category","embeddable":true,"href":"https:\/\/www.visionweb.com.ar\/index.php?rest_route=%2Fwp%2Fv2%2Fcategories&post=19329"},{"taxonomy":"post_tag","embeddable":true,"href":"https:\/\/www.visionweb.com.ar\/index.php?rest_route=%2Fwp%2Fv2%2Ftags&post=19329"}],"curies":[{"name":"wp","href":"https:\/\/api.w.org\/{rel}","templated":true}]}}