{"id":19316,"date":"2025-10-17T18:40:44","date_gmt":"2025-10-17T21:40:44","guid":{"rendered":"https:\/\/www.visionweb.com.ar\/?p=19316"},"modified":"2025-10-17T18:40:44","modified_gmt":"2025-10-17T21:40:44","slug":"la-legislatura-bonaerense-aprobo-una-iniciativa-que-propicia-la-produccion-de-movilidad-sutentable","status":"publish","type":"post","link":"https:\/\/www.visionweb.com.ar\/?p=19316","title":{"rendered":"La legislatura bonaerense aprob\u00f3 una iniciativa que propicia la producci\u00f3n de movilidad sutentable"},"content":{"rendered":"<p><em><strong>Se impulsa ademas una norma para que prev\u00e9 la regulaci\u00f3n, el control y la gesti\u00f3n integral de aceites vegetales y grasas de frituras.<\/strong><\/em> <!--more--><\/p>\n<p><img loading=\"lazy\" decoding=\"async\" class=\"size-medium wp-image-17119 alignright\" src=\"https:\/\/www.visionweb.com.ar\/wp-content\/uploads\/2025\/01\/autos-electricos2-300x223.png\" alt=\"\" width=\"300\" height=\"223\" srcset=\"https:\/\/www.visionweb.com.ar\/wp-content\/uploads\/2025\/01\/autos-electricos2-300x223.png 300w, https:\/\/www.visionweb.com.ar\/wp-content\/uploads\/2025\/01\/autos-electricos2.png 552w\" sizes=\"auto, (max-width: 300px) 100vw, 300px\" \/>La Comisi\u00f3n de Producci\u00f3n y Comercio Interior, bajo la presidencia del diputado Fabi\u00e1n Perechodnik, aprob\u00f3 un proyecto de ley que fomenta la producci\u00f3n de veh\u00edculos el\u00e9ctricos y con tecnolog\u00edas de energ\u00edas alternativas en el \u00e1mbito de <strong>la provincia de Buenos Aires.<\/strong><\/p>\n<p>Se trata de una iniciativa presentada por el diputado Juan Mart\u00edn Malpelli que se unific\u00f3 con otras dos de la diputada Mar\u00eda Fernanda Bevilacqua, con el objetivo de que se lleve adelante la industrializaci\u00f3n de veh\u00edculos de movilidad sustentable.<\/p>\n<p>Entre otros aspectos, la norma propone la articulaci\u00f3n entre el Estado provincial, las universidades, organizaciones de la sociedad civil, laboratorios de innovaci\u00f3n y empresas privadas con el objetivo de coordinar acciones para el dise\u00f1o, la implementaci\u00f3n y\u00a0 financiaci\u00f3n de las unidades. As\u00ed como beneficios impositivos por el plazo de diez a\u00f1os que podr\u00edan ser prorrogables por otros diez.<\/p>\n<p><strong>Medio ambiente<\/strong><\/p>\n<div id=\"attachment_2903\" style=\"width: 310px\" class=\"wp-caption alignleft\"><img loading=\"lazy\" decoding=\"async\" aria-describedby=\"caption-attachment-2903\" class=\"size-medium wp-image-2903\" src=\"https:\/\/www.visionweb.com.ar\/wp-content\/uploads\/2021\/09\/HUDSON-300x222.png\" alt=\"\" width=\"300\" height=\"222\" srcset=\"https:\/\/www.visionweb.com.ar\/wp-content\/uploads\/2021\/09\/HUDSON-300x222.png 300w, https:\/\/www.visionweb.com.ar\/wp-content\/uploads\/2021\/09\/HUDSON.png 640w\" sizes=\"auto, (max-width: 300px) 100vw, 300px\" \/><p id=\"caption-attachment-2903\" class=\"wp-caption-text\">La Reserva natural se destca por contener en su interior una gran variedad de flora y fauna aut\u00f3ctona.<\/p><\/div>\n<p>Por otra parte, la comisi\u00f3n de Ambiente y Desarrollo Sostenible -a cargo de la diputada Micaela Olivetto- dio dictamen favorable a un proyecto de ley presentado por la diputada Luciana Padulo que establece medidas de protecci\u00f3n para la flora, la fauna y el\u00a0 ecosistema aut\u00f3ctono de la Provincia de Buenos Aires.<\/p>\n<p>De esta manera, se busca preservar el entorno natural bonaerense frente al avance de los distintos desarrollos inmobiliarios.<\/p>\n<p>Tambi\u00e9n avanz\u00f3 en comisi\u00f3n un proyecto de ley de la diputada Fernanda Bevilacqua, que prev\u00e9 la regulaci\u00f3n, el control y la gesti\u00f3n integral de aceites vegetales y grasas de frituras, que tiene como finalidad optimizar el tratamiento de los residuos gastron\u00f3micos de las frituras en el territorio provincial<strong>(VW)<\/strong><\/p>\n","protected":false},"excerpt":{"rendered":"<p>Se impulsa ademas una norma para que prev\u00e9 la regulaci\u00f3n, el control y la gesti\u00f3n integral de aceites vegetales y grasas de frituras.<\/p>\n","protected":false},"author":3,"featured_media":17119,"comment_status":"closed","ping_status":"closed","sticky":false,"template":"","format":"standard","meta":{"_monsterinsights_skip_tracking":false,"_monsterinsights_sitenote_active":false,"_monsterinsights_sitenote_note":"","_monsterinsights_sitenote_category":0,"footnotes":""},"categories":[4],"tags":[3795,804,3697],"class_list":["post-19316","post","type-post","status-publish","format-standard","has-post-thumbnail","hentry","category-politica","tag-autos","tag-mediambiente","tag-sustentabilidad"],"_links":{"self":[{"href":"https:\/\/www.visionweb.com.ar\/index.php?rest_route=\/wp\/v2\/posts\/19316","targetHints":{"allow":["GET"]}}],"collection":[{"href":"https:\/\/www.visionweb.com.ar\/index.php?rest_route=\/wp\/v2\/posts"}],"about":[{"href":"https:\/\/www.visionweb.com.ar\/index.php?rest_route=\/wp\/v2\/types\/post"}],"author":[{"embeddable":true,"href":"https:\/\/www.visionweb.com.ar\/index.php?rest_route=\/wp\/v2\/users\/3"}],"replies":[{"embeddable":true,"href":"https:\/\/www.visionweb.com.ar\/index.php?rest_route=%2Fwp%2Fv2%2Fcomments&post=19316"}],"version-history":[{"count":1,"href":"https:\/\/www.visionweb.com.ar\/index.php?rest_route=\/wp\/v2\/posts\/19316\/revisions"}],"predecessor-version":[{"id":19317,"href":"https:\/\/www.visionweb.com.ar\/index.php?rest_route=\/wp\/v2\/posts\/19316\/revisions\/19317"}],"wp:featuredmedia":[{"embeddable":true,"href":"https:\/\/www.visionweb.com.ar\/index.php?rest_route=\/wp\/v2\/media\/17119"}],"wp:attachment":[{"href":"https:\/\/www.visionweb.com.ar\/index.php?rest_route=%2Fwp%2Fv2%2Fmedia&parent=19316"}],"wp:term":[{"taxonomy":"category","embeddable":true,"href":"https:\/\/www.visionweb.com.ar\/index.php?rest_route=%2Fwp%2Fv2%2Fcategories&post=19316"},{"taxonomy":"post_tag","embeddable":true,"href":"https:\/\/www.visionweb.com.ar\/index.php?rest_route=%2Fwp%2Fv2%2Ftags&post=19316"}],"curies":[{"name":"wp","href":"https:\/\/api.w.org\/{rel}","templated":true}]}}