{"id":19314,"date":"2025-10-17T16:23:57","date_gmt":"2025-10-17T19:23:57","guid":{"rendered":"https:\/\/www.visionweb.com.ar\/?p=19314"},"modified":"2025-10-17T16:23:57","modified_gmt":"2025-10-17T19:23:57","slug":"la-diputada-alonso-de-uxp-pidio-ponerle-un-freno-a-la-reforma-laboral-que-promueve-milei","status":"publish","type":"post","link":"https:\/\/www.visionweb.com.ar\/?p=19314","title":{"rendered":"La diputada Alonso de UxP pidi\u00f3 \u201cponerle un freno\u201d a la reforma laboral que promueve Milei"},"content":{"rendered":"<p><em><strong>Luego de las declaraciones del presidente Milei en el Coloquio Idea, la diputada bonaerense Soledad Alonso, advirti\u00f3 que el plan oficial \u201cbusca precarizar el trabajo y destruir derechos\u201d. Destac\u00f3 que el\u00a0derecho laboral\u00a0naci\u00f3 para equilibrar una \u201crelaci\u00f3n hist\u00f3ricamente desigual\u201d entre el trabajador y el poder econ\u00f3mico.<\/strong><\/em><!--more--><\/p>\n<p><strong>\u00a0 <img loading=\"lazy\" decoding=\"async\" class=\"size-full wp-image-1743 alignright\" src=\"https:\/\/www.visionweb.com.ar\/wp-content\/uploads\/2021\/05\/busco-trabajo-uca.bmp\" alt=\"\" width=\"498\" height=\"296\" \/>\u00a0\u00a0 L<\/strong>a\u00a0<strong>diputada bonaerense de Uni\u00f3n por la Patria\u00a0<\/strong>(<strong>UxP<\/strong>),\u00a0<strong><a href=\"https:\/\/www.hcdiputados-ba.gov.ar\/index.php?page=diputado&amp;id=25838698\">Soledad Alonso<\/a><\/strong>, pidi\u00f3 \u201cponerle un freno\u201d a la\u00a0<strong>reforma laboral<\/strong>\u00a0que el\u00a0<strong>presidente<\/strong>\u00a0<strong>Javier Milei<\/strong>\u00a0pretende impulsar despu\u00e9s de las\u00a0<strong>elecciones intermedias<\/strong>. La\u00a0<strong>legisladora provincial<\/strong>\u00a0cuestion\u00f3 que el\u00a0<strong>plan oficial<\/strong>\u00a0\u201c<strong>busca destruir derechos y beneficiar a los poderosos<\/strong>\u201d, y repudi\u00f3 adem\u00e1s los dichos del\u00a0<strong>l\u00edder libertario<\/strong>, quien calific\u00f3 como \u201ccaranchos\u201d a los abogados laboralistas.<\/p>\n<p>\u201c<strong>No fue un exabrupto: es parte del mismo plan para destruir derechos, precarizar el trabajo y beneficiar a los poderosos<\/strong>\u201d, expres\u00f3\u00a0<strong>Alonso\u00a0<\/strong>en sus redes sociales, donde tambi\u00e9n advirti\u00f3 que el\u00a0<strong>Gobierno nacional<\/strong>\u00a0pretende avanzar sobre \u201cconquistas laborales hist\u00f3ricas\u201d, inform\u00f3 Diputados Bonaerenses.<\/p>\n<p>La\u00a0<strong>referente de UxP<\/strong>, que adem\u00e1s se desempe\u00f1a como\u00a0<strong>secretaria adjunta del<\/strong>\u00a0<strong>Sindicato de Trabajadores de la ANSES\u00a0<\/strong>(<strong>SECASFPI<\/strong>), se\u00f1al\u00f3 que el\u00a0<strong>derecho laboral<\/strong>\u00a0naci\u00f3 para equilibrar una \u201crelaci\u00f3n hist\u00f3ricamente desigual\u201d entre el trabajador y el poder econ\u00f3mico.<\/p>\n<p>En ese sentido, la\u00a0<strong>dirigente sindical<\/strong>\u00a0sostuvo que el discurso oficial busca \u201c<strong>deslegitimar a quienes defienden a la clase trabajadora<\/strong>\u201d y remarc\u00f3 que \u201catacar a quienes defienden a la clase trabajadora es atacar al pueblo\u201d.<\/p>\n<p>Adem\u00e1s, la\u00a0<strong>diputada provincial<\/strong>\u00a0afirm\u00f3 que la\u00a0<strong>reforma laboral<\/strong>\u00a0que el\u00a0<strong>Ejecutivo libertario<\/strong>\u00a0prepara bajo el argumento de la \u201cmodernizaci\u00f3n\u201d pretende \u201cavanzar en la flexibilizaci\u00f3n y el recorte de derechos\u201d.<\/p>\n<p>En ese aspecto,\u00a0<strong>Alonso\u00a0<\/strong>asegur\u00f3 que la\u00a0<strong>actual conducci\u00f3n nacional<\/strong>, \u201c<strong>busca que las empresas puedan despedir sin motivo ni aviso y que las y los trabajadores no puedan defenderse<\/strong>\u201d.<\/p>\n<p>El reclamo de la\u00a0<strong>diputada bonaerense<\/strong>\u00a0se refiere al debate que reflot\u00f3 el\u00a0<strong>oficialismo nacional<\/strong>\u00a0en el\u00a0<strong>Coloquio de IDEA<\/strong>, donde el ministro de Econom\u00eda,\u00a0<strong>Luis Caputo<\/strong>, adelant\u00f3 que, tras las\u00a0<strong>elecciones legislativas<\/strong>, el\u00a0<strong>Gobierno\u00a0<\/strong>comenzar\u00e1 su <strong>\u201csegunda etapa\u201d con una serie de reformas<\/strong> estructurales \u201ccentradas en lo laboral y lo tributario\u201d.<\/p>\n<p>\u201c<strong>La reforma laboral es fundamental porque venimos de un r\u00e9gimen arcaico, r\u00edgido e imprevisible, que los empresarios son los primeros en padecer. Esa es la raz\u00f3n por la cual el empleo no crece desde 2011. Necesitamos un r\u00e9gimen laboral m\u00e1s \u00e1gil<\/strong>\u201d, plante\u00f3\u00a0<strong>Caputo\u00a0<\/strong>durante su exposici\u00f3n en\u00a0<strong>Mar del Plata<\/strong>.<\/p>\n<p>Por su parte, en su \u00faltima aparici\u00f3n televisiva, el\u00a0<strong>presidente Javier Milei<\/strong>\u00a0insisti\u00f3 en que \u201clas leyes laborales son anacr\u00f3nicas\u201d y defendi\u00f3 la iniciativa oficial. \u201c<strong>En el nuevo r\u00e9gimen se van a sentar los trabajadores y las empresas. Si quieren seguir con el vigente lo pueden hacer, pero tambi\u00e9n pueden ir hacia uno m\u00e1s flexible<\/strong>\u201d, dijo el\u00a0<strong>mandatario<\/strong>.<\/p>\n<p>El\u00a0<strong>presidente Javier Milei<\/strong>\u00a0ratific\u00f3 su intenci\u00f3n de avanzar con una\u00a0<strong>reforma laboral<\/strong>\u00a0luego de las\u00a0<strong>elecciones legislativas<\/strong>\u00a0y anticip\u00f3, buscar\u00e1 terminar con la \u201c<strong>nefasta industria del juicio<\/strong>\u201d.<\/p>\n<p>Es que, el\u00a0<strong>l\u00edder libertario<\/strong>\u00a0sostuvo que este nuevo marco legal procura \u201c<strong>quitarle poder a los caranchos laboralistas<\/strong>\u201d, en alusi\u00f3n a los\u00a0<strong>abogados especializados en derecho del trabajo<\/strong>, a quienes responsabiliz\u00f3 por el\u00a0<strong>estancamiento del empleo formal<\/strong>. En ese contexto,\u00a0<strong>Milei\u00a0<\/strong>volvi\u00f3 a insistir en que las leyes laborales son \u201c<strong>anacr\u00f3nicas<\/strong>\u201d y que el sistema vigente \u201ccastiga la creaci\u00f3n de empleo y desalienta la inversi\u00f3n privada\u201d.<\/p>\n<p>Durante su exposici\u00f3n, el\u00a0<strong>jefe de Estado<\/strong>\u00a0explic\u00f3 que el futuro r\u00e9gimen permitir\u00e1 \u201cmayor libertad para negociar entre las partes\u201d y \u201c<strong>condiciones m\u00e1s previsibles para las empresas<\/strong>\u201d.<\/p>\n<p>Seg\u00fan afirm\u00f3 el\u00a0<strong>mandatario<\/strong>, el\u00a0<strong>proyecto oficial<\/strong>\u00a0ingresar\u00e1 al\u00a0<strong>Congreso\u00a0<\/strong>una vez superadas las elecciones legislativas, como parte del paquete de reformas estructurales que el Gobierno nacional prev\u00e9 implementar.<\/p>\n<p>Finalmente, los dichos del\u00a0<strong>Presidente\u00a0<\/strong>generaron una <strong>inmediata reacci\u00f3n pol\u00edtica<\/strong>, en especial de la\u00a0<strong>diputada Soledad Alonso<\/strong>\u00a0(<strong>UxP<\/strong>), quien expres\u00f3 su repudio a trav\u00e9s de redes sociales y advirti\u00f3 que el plan de\u00a0<strong>reforma laboral<\/strong>, \u201cbusca precarizar el trabajo y destruir derechos conquistados\u201d. <strong>(VW)<\/strong><\/p>\n<p>&nbsp;<\/p>\n","protected":false},"excerpt":{"rendered":"<p>Luego de las declaraciones del presidente Milei en el Coloquio Idea, la diputada bonaerense Soledad Alonso, advirti\u00f3 que el plan oficial \u201cbusca precarizar el trabajo y destruir derechos\u201d. Destac\u00f3 que el\u00a0derecho laboral\u00a0naci\u00f3 para equilibrar&#46;&#46;&#46;<\/p>\n","protected":false},"author":4,"featured_media":1743,"comment_status":"closed","ping_status":"closed","sticky":false,"template":"","format":"standard","meta":{"_monsterinsights_skip_tracking":false,"_monsterinsights_sitenote_active":false,"_monsterinsights_sitenote_note":"","_monsterinsights_sitenote_category":0,"footnotes":""},"categories":[4],"tags":[2306,8276,8273,8274,8275,5089],"class_list":["post-19314","post","type-post","status-publish","format-standard","has-post-thumbnail","hentry","category-politica","tag-diputada-bonaerense","tag-freno-a-la-reforma-laboral","tag-leyes-laborales","tag-reforma-milei","tag-soledad-alonso","tag-uxp"],"_links":{"self":[{"href":"https:\/\/www.visionweb.com.ar\/index.php?rest_route=\/wp\/v2\/posts\/19314","targetHints":{"allow":["GET"]}}],"collection":[{"href":"https:\/\/www.visionweb.com.ar\/index.php?rest_route=\/wp\/v2\/posts"}],"about":[{"href":"https:\/\/www.visionweb.com.ar\/index.php?rest_route=\/wp\/v2\/types\/post"}],"author":[{"embeddable":true,"href":"https:\/\/www.visionweb.com.ar\/index.php?rest_route=\/wp\/v2\/users\/4"}],"replies":[{"embeddable":true,"href":"https:\/\/www.visionweb.com.ar\/index.php?rest_route=%2Fwp%2Fv2%2Fcomments&post=19314"}],"version-history":[{"count":1,"href":"https:\/\/www.visionweb.com.ar\/index.php?rest_route=\/wp\/v2\/posts\/19314\/revisions"}],"predecessor-version":[{"id":19315,"href":"https:\/\/www.visionweb.com.ar\/index.php?rest_route=\/wp\/v2\/posts\/19314\/revisions\/19315"}],"wp:featuredmedia":[{"embeddable":true,"href":"https:\/\/www.visionweb.com.ar\/index.php?rest_route=\/wp\/v2\/media\/1743"}],"wp:attachment":[{"href":"https:\/\/www.visionweb.com.ar\/index.php?rest_route=%2Fwp%2Fv2%2Fmedia&parent=19314"}],"wp:term":[{"taxonomy":"category","embeddable":true,"href":"https:\/\/www.visionweb.com.ar\/index.php?rest_route=%2Fwp%2Fv2%2Fcategories&post=19314"},{"taxonomy":"post_tag","embeddable":true,"href":"https:\/\/www.visionweb.com.ar\/index.php?rest_route=%2Fwp%2Fv2%2Ftags&post=19314"}],"curies":[{"name":"wp","href":"https:\/\/api.w.org\/{rel}","templated":true}]}}