{"id":19308,"date":"2025-10-17T15:14:25","date_gmt":"2025-10-17T18:14:25","guid":{"rendered":"https:\/\/www.visionweb.com.ar\/?p=19308"},"modified":"2025-10-17T15:14:25","modified_gmt":"2025-10-17T18:14:25","slug":"lanus-sumo-dos-medallas-de-plata-y-una-de-bronce-en-los-juegos-bonaerenses-2025","status":"publish","type":"post","link":"https:\/\/www.visionweb.com.ar\/?p=19308","title":{"rendered":"Lan\u00fas sum\u00f3 dos medallas de plata y una de bronce en Los Juegos Bonaerenses 2025"},"content":{"rendered":"<p><em><strong>El Municipio de Lan\u00fas reconoci\u00f3 el enorme esfuerzo, dedicaci\u00f3n y la formidable actuaci\u00f3n que demostraron los atletas y artistas en las competencias de los Juegos Bonaerenses.<\/strong><\/em><!--more--><\/p>\n<div id=\"attachment_19309\" style=\"width: 310px\" class=\"wp-caption alignright\"><img loading=\"lazy\" decoding=\"async\" aria-describedby=\"caption-attachment-19309\" class=\"wp-image-19309 size-medium\" src=\"https:\/\/www.visionweb.com.ar\/wp-content\/uploads\/2025\/10\/Lanus-dos-medallas-Juegos-Bonaerenses-2025-300x200.jpg\" alt=\"\" width=\"300\" height=\"200\" srcset=\"https:\/\/www.visionweb.com.ar\/wp-content\/uploads\/2025\/10\/Lanus-dos-medallas-Juegos-Bonaerenses-2025-300x200.jpg 300w, https:\/\/www.visionweb.com.ar\/wp-content\/uploads\/2025\/10\/Lanus-dos-medallas-Juegos-Bonaerenses-2025.jpg 552w\" sizes=\"auto, (max-width: 300px) 100vw, 300px\" \/><p id=\"caption-attachment-19309\" class=\"wp-caption-text\">Foto Prensa Municipio de Lan\u00fas<\/p><\/div>\n<p><strong>\u00a0\u00a0\u00a0\u00a0 E<\/strong>n el marco de los <strong>Juegos Bonaerenses 2025<\/strong> el medallero lanusense sum\u00f3 dos medallas de plata en lo que fue la tercera jornada de competencias.\u00a0<strong>Mia Salguero\u00a0<\/strong>alcanz\u00f3 este logro en <strong>taekwondo<\/strong> categor\u00eda SUB 14 femenino libre hasta 45kg, y\u00a0<strong>Manuel \u00c1lvarez<\/strong>\u00a0logr\u00f3 destacarse en <strong>atletismo<\/strong> SUB 17 para trasplantados en 1.200mts.<\/p>\n<p>Por su parte, la banda\u00a0<strong>Rosa Lis\u00e9rgica<\/strong>\u00a0gan\u00f3 una medalla de bronce en <strong>m\u00fasica de rock<\/strong>, conforme indic\u00f3 Prensa de Lan\u00fas.<\/p>\n<p>Adem\u00e1s, las y los deportistas del distrito <strong>compitieron en disciplinas como cocina, nataci\u00f3n, handball, tenis, judo, b\u00e1squetbol, tenis de mesa, lanzamiento de bala, rugby, b\u00e1dminton y artes pl\u00e1sticas<\/strong>.<\/p>\n<p>A los y las atletas que representaron de gran manera a la ciudad y la ubicaron en lo m\u00e1s alto, desde Lan\u00fas Gobierno se reconoce este enorme esfuerzo, dedicaci\u00f3n y se destaca la formidable actuaci\u00f3n que demostraron. <strong>(VW)<\/strong><\/p>\n<p>&nbsp;<\/p>\n","protected":false},"excerpt":{"rendered":"<p>El Municipio de Lan\u00fas reconoci\u00f3 el enorme esfuerzo, dedicaci\u00f3n y la formidable actuaci\u00f3n que demostraron los atletas y artistas en las competencias de los Juegos Bonaerenses.<\/p>\n","protected":false},"author":4,"featured_media":19309,"comment_status":"closed","ping_status":"closed","sticky":false,"template":"","format":"standard","meta":{"_monsterinsights_skip_tracking":false,"_monsterinsights_sitenote_active":false,"_monsterinsights_sitenote_note":"","_monsterinsights_sitenote_category":0,"footnotes":""},"categories":[8,5],"tags":[8169,3976,8269],"class_list":["post-19308","post","type-post","status-publish","format-standard","has-post-thumbnail","hentry","category-interes-general","category-sociedad","tag-juegos-bonaerenses-2025","tag-lanus-municipio","tag-medallas-atletas"],"_links":{"self":[{"href":"https:\/\/www.visionweb.com.ar\/index.php?rest_route=\/wp\/v2\/posts\/19308","targetHints":{"allow":["GET"]}}],"collection":[{"href":"https:\/\/www.visionweb.com.ar\/index.php?rest_route=\/wp\/v2\/posts"}],"about":[{"href":"https:\/\/www.visionweb.com.ar\/index.php?rest_route=\/wp\/v2\/types\/post"}],"author":[{"embeddable":true,"href":"https:\/\/www.visionweb.com.ar\/index.php?rest_route=\/wp\/v2\/users\/4"}],"replies":[{"embeddable":true,"href":"https:\/\/www.visionweb.com.ar\/index.php?rest_route=%2Fwp%2Fv2%2Fcomments&post=19308"}],"version-history":[{"count":1,"href":"https:\/\/www.visionweb.com.ar\/index.php?rest_route=\/wp\/v2\/posts\/19308\/revisions"}],"predecessor-version":[{"id":19310,"href":"https:\/\/www.visionweb.com.ar\/index.php?rest_route=\/wp\/v2\/posts\/19308\/revisions\/19310"}],"wp:featuredmedia":[{"embeddable":true,"href":"https:\/\/www.visionweb.com.ar\/index.php?rest_route=\/wp\/v2\/media\/19309"}],"wp:attachment":[{"href":"https:\/\/www.visionweb.com.ar\/index.php?rest_route=%2Fwp%2Fv2%2Fmedia&parent=19308"}],"wp:term":[{"taxonomy":"category","embeddable":true,"href":"https:\/\/www.visionweb.com.ar\/index.php?rest_route=%2Fwp%2Fv2%2Fcategories&post=19308"},{"taxonomy":"post_tag","embeddable":true,"href":"https:\/\/www.visionweb.com.ar\/index.php?rest_route=%2Fwp%2Fv2%2Ftags&post=19308"}],"curies":[{"name":"wp","href":"https:\/\/api.w.org\/{rel}","templated":true}]}}