{"id":19305,"date":"2025-10-16T21:35:20","date_gmt":"2025-10-17T00:35:20","guid":{"rendered":"https:\/\/www.visionweb.com.ar\/?p=19305"},"modified":"2025-10-16T21:35:20","modified_gmt":"2025-10-17T00:35:20","slug":"se-viene-el-tc-pick-up-en-el-renovado-autodromo-juan-manuel-fangio-de-balcarce","status":"publish","type":"post","link":"https:\/\/www.visionweb.com.ar\/?p=19305","title":{"rendered":"Se viene el TC Pick Up en el renovado Aut\u00f3dromo Juan Manuel Fangio de Balcarce"},"content":{"rendered":"<p><em><strong>Tras las obras de remodelaci\u00f3n, Balcarce se prepara para recibir este pr\u00f3ximo s\u00e1bado a las TC Pick Up en el renovado Aut\u00f3dromo Juan Manuel Fangio.<\/strong><\/em><!--more--><\/p>\n<div id=\"attachment_19306\" style=\"width: 310px\" class=\"wp-caption alignright\"><img loading=\"lazy\" decoding=\"async\" aria-describedby=\"caption-attachment-19306\" class=\"wp-image-19306 size-medium\" src=\"https:\/\/www.visionweb.com.ar\/wp-content\/uploads\/2025\/10\/tcpick-up-en-balcarce-300x170.png\" alt=\"\" width=\"300\" height=\"170\" srcset=\"https:\/\/www.visionweb.com.ar\/wp-content\/uploads\/2025\/10\/tcpick-up-en-balcarce-300x170.png 300w, https:\/\/www.visionweb.com.ar\/wp-content\/uploads\/2025\/10\/tcpick-up-en-balcarce.png 612w\" sizes=\"auto, (max-width: 300px) 100vw, 300px\" \/><p id=\"caption-attachment-19306\" class=\"wp-caption-text\">Foto de internet<\/p><\/div>\n<p><strong>L<\/strong>as camionetas de la categor\u00eda\u00a0<strong>TC Pick <\/strong><strong>Up<\/strong> vuelven a<strong>l<\/strong><strong>\u00a0Aut\u00f3dromo Juan Manuel Fangio\u00a0de Balcarce<\/strong> <strong>el pr\u00f3ximo s\u00e1bado 18 de octubre<\/strong>, tras los avances de los trabajos para la puesta en valor de la infraestructura del hist\u00f3rico trazado.<\/p>\n<p>La jornada incluir\u00e1 pruebas controladas bajo la \u00f3rbita de la <strong>Asociaci\u00f3n de Corredores Turismo Carretera<\/strong> (<strong>ACTC<\/strong>), para definir las secciones del\u00a0<strong>aut\u00f3dromo<\/strong>\u00a0que necesitan tener cuidados especiales en condiciones similares a las de una competencia, inform\u00f3 Diputados Bonaerenses.<\/p>\n<p>Que las\u00a0<strong>TC Pick Up\u00a0<\/strong>sean las encargadas de girar en el<strong> Aut\u00f3dromo Juan Manuel Fangio<\/strong> de\u00a0<strong>Balcarce\u00a0<\/strong>no es casual. El plan es que estas camionetas marquen el regreso del automovilismo nacional, con la ilusi\u00f3n de que esta actividad abra el torneo 2026, coincidiendo con la\u00a0<strong>Fiesta del Automovilismo\u00a0<\/strong>en<strong>\u00a0<\/strong>el municipio que comanda\u00a0<strong>Esteban Reino<\/strong>.<\/p>\n<p>Si bien los organizadores remarcaron que \u201c<strong>esta actividad no es una competencia, sino un procedimiento t\u00e9cnico\u201d<\/strong>, la actividad del pr\u00f3ximo s\u00e1bado servir\u00e1 para establecer par\u00e1metros de seguridad en el trazado definitivo y permitir\u00e1 relevar los \u00faltimos trabajos de colocaci\u00f3n de pianos y reflejar\u00e1 la traza ideal gracias a pilotos de primera l\u00ednea girando con veh\u00edculos de\u00a0<strong>TC Pick Up<\/strong>.<\/p>\n<p>En horas del mediod\u00eda, el pr\u00f3ximo s\u00e1bado saldr\u00e1n a la pista\u00a0<strong>Germ\u00e1n Todino<\/strong>,\u00a0<strong>Tom\u00e1s Abdala<\/strong>,\u00a0<strong>Gaspar Chansard\u00a0<\/strong>y los invitados\u00a0<strong>Christi\u00e1n Ledesma<\/strong>\u00a0y<strong>\u00a0Santiago Mangoni<\/strong>. De esta forma, en las vueltas que dar\u00e1n se aprovechar\u00e1 para marcar los nuevos pianos de la pista con las modificaciones que sufri\u00f3.<\/p>\n<p>Cabe destacar que, el presidente de la Asociaci\u00f3n Corredores Turismo Carretera (<strong>ACTC<\/strong>),\u00a0<strong>Hugo Mazzacane<\/strong>, estar\u00e1 presente en el escenario balcarce\u00f1o junto a miembros de Comisi\u00f3n Directiva para observar las obras que se vienen realizando en dicho lugar. Tambi\u00e9n habr\u00e1 presencia de autoridades municipales y provinciales.<\/p>\n<p><strong>Las modificaciones al aut\u00f3dromo Juan Manuel Fangio<\/strong><\/p>\n<p>A lo largo de este a\u00f1o, los trabajos en el\u00a0<strong>aut\u00f3dromo Juan Manuel Fangio<\/strong>\u00a0fueron diversos. \u201cSe han hecho remodelaciones en la pista, el circuito tiene que estar entubado entonces de un lado se construy\u00f3 el pared\u00f3n y del otro lado tambi\u00e9n se cambiaron cosas\u201d, explicaron funcionarios de\u00a0<strong>Balcarce<\/strong>.<\/p>\n<p>En esa l\u00ednea, desde la administraci\u00f3n local agregaron: \u201cSe hicieron dos grandes modificaciones en las curvas extremas, en la curva 1, donde se hizo un asfaltado interno y en la curva 6, que ser\u00eda la curva que da a Balcarce\u201d.<\/p>\n<p>Asimismo, desde la administraci\u00f3n del jefe comunal Esteban Reino explicaron que se deb\u00edan ampliar las v\u00edas de escape por lo que se construy\u00f3 una nueva curva 50 metros antes que la anterior. <strong>(VW)<\/strong><\/p>\n","protected":false},"excerpt":{"rendered":"<p>Tras las obras de remodelaci\u00f3n, Balcarce se prepara para recibir este pr\u00f3ximo s\u00e1bado a las TC Pick Up en el renovado Aut\u00f3dromo Juan Manuel Fangio.<\/p>\n","protected":false},"author":4,"featured_media":19306,"comment_status":"closed","ping_status":"closed","sticky":false,"template":"","format":"standard","meta":{"_monsterinsights_skip_tracking":false,"_monsterinsights_sitenote_active":false,"_monsterinsights_sitenote_note":"","_monsterinsights_sitenote_category":0,"footnotes":""},"categories":[8],"tags":[8267,1987,8268],"class_list":["post-19305","post","type-post","status-publish","format-standard","has-post-thumbnail","hentry","category-interes-general","tag-autodromo-juan-manuel-fangio","tag-balcarce","tag-tc-pick-up"],"_links":{"self":[{"href":"https:\/\/www.visionweb.com.ar\/index.php?rest_route=\/wp\/v2\/posts\/19305","targetHints":{"allow":["GET"]}}],"collection":[{"href":"https:\/\/www.visionweb.com.ar\/index.php?rest_route=\/wp\/v2\/posts"}],"about":[{"href":"https:\/\/www.visionweb.com.ar\/index.php?rest_route=\/wp\/v2\/types\/post"}],"author":[{"embeddable":true,"href":"https:\/\/www.visionweb.com.ar\/index.php?rest_route=\/wp\/v2\/users\/4"}],"replies":[{"embeddable":true,"href":"https:\/\/www.visionweb.com.ar\/index.php?rest_route=%2Fwp%2Fv2%2Fcomments&post=19305"}],"version-history":[{"count":1,"href":"https:\/\/www.visionweb.com.ar\/index.php?rest_route=\/wp\/v2\/posts\/19305\/revisions"}],"predecessor-version":[{"id":19307,"href":"https:\/\/www.visionweb.com.ar\/index.php?rest_route=\/wp\/v2\/posts\/19305\/revisions\/19307"}],"wp:featuredmedia":[{"embeddable":true,"href":"https:\/\/www.visionweb.com.ar\/index.php?rest_route=\/wp\/v2\/media\/19306"}],"wp:attachment":[{"href":"https:\/\/www.visionweb.com.ar\/index.php?rest_route=%2Fwp%2Fv2%2Fmedia&parent=19305"}],"wp:term":[{"taxonomy":"category","embeddable":true,"href":"https:\/\/www.visionweb.com.ar\/index.php?rest_route=%2Fwp%2Fv2%2Fcategories&post=19305"},{"taxonomy":"post_tag","embeddable":true,"href":"https:\/\/www.visionweb.com.ar\/index.php?rest_route=%2Fwp%2Fv2%2Ftags&post=19305"}],"curies":[{"name":"wp","href":"https:\/\/api.w.org\/{rel}","templated":true}]}}