{"id":19295,"date":"2025-10-15T09:11:28","date_gmt":"2025-10-15T12:11:28","guid":{"rendered":"https:\/\/www.visionweb.com.ar\/?p=19295"},"modified":"2025-10-14T23:20:38","modified_gmt":"2025-10-15T02:20:38","slug":"la-actividad-economica-se-retrajo-18-en-la-provincia-de-buenos-aires","status":"publish","type":"post","link":"https:\/\/www.visionweb.com.ar\/?p=19295","title":{"rendered":"La actividad econ\u00f3mica se retrajo 1,8% en la provincia de Buenos Aires"},"content":{"rendered":"<article class=\"article-body article-body--second-paragraph\"><em><strong>El informe de Banco, que present\u00f3 el indicador propio Pulsar en agosto, implica que la econom\u00eda de la Provincia puede entrar en recesi\u00f3n, y que el dato puede anticipar lo que ocurre a nivel Nacional.<\/strong><\/em><\/p>\n<\/article>\n<p><!--more--><\/p>\n<p><img loading=\"lazy\" decoding=\"async\" class=\"size-medium wp-image-8013 alignright\" src=\"https:\/\/www.visionweb.com.ar\/wp-content\/uploads\/2022\/11\/INDUSTRIAS-BONAERENSES-300x169.png\" alt=\"\" width=\"300\" height=\"169\" srcset=\"https:\/\/www.visionweb.com.ar\/wp-content\/uploads\/2022\/11\/INDUSTRIAS-BONAERENSES-300x169.png 300w, https:\/\/www.visionweb.com.ar\/wp-content\/uploads\/2022\/11\/INDUSTRIAS-BONAERENSES.png 640w\" sizes=\"auto, (max-width: 300px) 100vw, 300px\" \/>Seg\u00fan el nuevo indicador Pulso PBA, que elabora el Banco Provincia, la actividad econ\u00f3mica bonaerense registr\u00f3 en este tercer trimestre del a\u00f1o una ca\u00edda promedio de -1,8% respecto del trimestre anterior, neutralizando el incremento de 1,7% observado durante el segundo del a\u00f1o.<\/p>\n<p>El informe de Banco, que present\u00f3 el indicador propio Pulsar en agosto, implica que la econom\u00eda de la Provincia puede entrar en recesi\u00f3n, y que el dato puede anticipar lo que ocurre a nivel Nacional.<\/p>\n<article class=\"article-body article-body--second-paragraph\">En la din\u00e1mica mensual, si bien el \u00edndice de Banco Provincia exhibi\u00f3 un repunte de 1,5% en septiembre respecto de agosto, este rebote se dio luego de una ca\u00edda mensual de \u20131,4% en ese mes y de cuatro meses consecutivos de retroceso que acumularon \u20133,7% en ese lapso.<\/p>\n<h4>\u00a0La econom\u00eda provincial creci\u00f3 apenas 0,5%<\/h4>\n<p>\u201cLa actividad de la Provincia de Buenos Aires muestra una ralentizaci\u00f3n, en l\u00ednea con el comportamiento de la producci\u00f3n a nivel nacional, evidenciando un pico de actividad dentro del a\u00f1o en abril y un crecimiento acumulado en el 2025 de 0,5%\u201d, se\u00f1al\u00f3 el Informe.<\/p>\n<p>El indicador muestra la evoluci\u00f3n de la actividad econ\u00f3mica bonaerense en tiempo real y se adelanta en un mes a los indicadores oficiales como el estimador mensual de actividad (EMA-PBA). Pero adem\u00e1s, por la incidencia de la provincia de Buenos Aires a nivel nacional, refleja con mucha fidelidad la evoluci\u00f3n de la econom\u00eda Argentina.<\/p>\n<p>PulsoPBA es un indicador desarrollado con Inteligencia Artificial que muestra la evoluci\u00f3n de la actividad econ\u00f3mica bonaerense sobre la base de m\u00e1s de 1.200 variables diarias generadas por el Banco (consumos, pr\u00e9stamos, exportaciones, pagos y otras transacciones), combinadas con datos oficiales<strong>(VW)<\/strong>.<\/p>\n<p>&nbsp;<\/p>\n<\/article>\n","protected":false},"excerpt":{"rendered":"<p>El informe de Banco, que present\u00f3 el indicador propio Pulsar en agosto, implica que la econom\u00eda de la Provincia puede entrar en recesi\u00f3n, y que el dato puede anticipar lo que ocurre a nivel&#46;&#46;&#46;<\/p>\n","protected":false},"author":3,"featured_media":7939,"comment_status":"closed","ping_status":"closed","sticky":false,"template":"","format":"standard","meta":{"_monsterinsights_skip_tracking":false,"_monsterinsights_sitenote_active":false,"_monsterinsights_sitenote_note":"","_monsterinsights_sitenote_category":0,"footnotes":""},"categories":[749],"tags":[4310,3304,8257,122],"class_list":["post-19295","post","type-post","status-publish","format-standard","has-post-thumbnail","hentry","category-pymes","tag-actividad","tag-bapro","tag-economica","tag-informe"],"_links":{"self":[{"href":"https:\/\/www.visionweb.com.ar\/index.php?rest_route=\/wp\/v2\/posts\/19295","targetHints":{"allow":["GET"]}}],"collection":[{"href":"https:\/\/www.visionweb.com.ar\/index.php?rest_route=\/wp\/v2\/posts"}],"about":[{"href":"https:\/\/www.visionweb.com.ar\/index.php?rest_route=\/wp\/v2\/types\/post"}],"author":[{"embeddable":true,"href":"https:\/\/www.visionweb.com.ar\/index.php?rest_route=\/wp\/v2\/users\/3"}],"replies":[{"embeddable":true,"href":"https:\/\/www.visionweb.com.ar\/index.php?rest_route=%2Fwp%2Fv2%2Fcomments&post=19295"}],"version-history":[{"count":1,"href":"https:\/\/www.visionweb.com.ar\/index.php?rest_route=\/wp\/v2\/posts\/19295\/revisions"}],"predecessor-version":[{"id":19296,"href":"https:\/\/www.visionweb.com.ar\/index.php?rest_route=\/wp\/v2\/posts\/19295\/revisions\/19296"}],"wp:featuredmedia":[{"embeddable":true,"href":"https:\/\/www.visionweb.com.ar\/index.php?rest_route=\/wp\/v2\/media\/7939"}],"wp:attachment":[{"href":"https:\/\/www.visionweb.com.ar\/index.php?rest_route=%2Fwp%2Fv2%2Fmedia&parent=19295"}],"wp:term":[{"taxonomy":"category","embeddable":true,"href":"https:\/\/www.visionweb.com.ar\/index.php?rest_route=%2Fwp%2Fv2%2Fcategories&post=19295"},{"taxonomy":"post_tag","embeddable":true,"href":"https:\/\/www.visionweb.com.ar\/index.php?rest_route=%2Fwp%2Fv2%2Ftags&post=19295"}],"curies":[{"name":"wp","href":"https:\/\/api.w.org\/{rel}","templated":true}]}}