{"id":19290,"date":"2025-10-14T19:41:03","date_gmt":"2025-10-14T22:41:03","guid":{"rendered":"https:\/\/www.visionweb.com.ar\/?p=19290"},"modified":"2025-10-14T19:41:03","modified_gmt":"2025-10-14T22:41:03","slug":"la-inflacion-de-septiembre-fue-de-21-y-acumula-22-en-los-9-meses-del-ano","status":"publish","type":"post","link":"https:\/\/www.visionweb.com.ar\/?p=19290","title":{"rendered":"La inflaci\u00f3n de septiembre fue de 2,1% y acumula 22% en los 9 meses del a\u00f1o"},"content":{"rendered":"<p><em><strong>Seg\u00fan el Indec, la inflaci\u00f3n interanual es de 31,8%. La divisi\u00f3n Vivienda, agua, electricidad, gas y otros combustibles subi\u00f3 3,1% a nivel nacional; educaci\u00f3n se increment\u00f3 3,1% y transporte registr\u00f3 un alza de 3%. Alimentos y bebidas no alcoh\u00f3licas tuvo la mayor incidencia en el \u00edndice, subi\u00f3 1,9% a nivel nacional.<\/strong><\/em><!--more--><\/p>\n<p><strong>\u00a0 <img loading=\"lazy\" decoding=\"async\" class=\"size-full wp-image-10614 alignright\" src=\"https:\/\/www.visionweb.com.ar\/wp-content\/uploads\/2023\/05\/super.png\" alt=\"\" width=\"240\" height=\"135\" \/>\u00a0\u00a0\u00a0\u00a0 E<\/strong>l\u00a0<strong>Instituto Nacional de Estad\u00edstica y Censos (INDEC) <\/strong>inform\u00f3 esta tarde<strong> el \u00cdndice de Precios al Consumidor (IPC) de septiembre, <\/strong>que fue de<strong> 2,1%. <\/strong>Con este nuevo dato, el<strong> nivel general de precios acumula una\u00a0suba del 22% en los primeros nueve meses del a\u00f1o y una variaci\u00f3n interanual del 31,8%, en comparaci\u00f3n con septiembre de 2024.<\/strong><\/p>\n<p>Este 2,1% de septiembre es la mayor alza de los \u00faltimos cinco meses (1,5%, 1,6%, 1,9% y 1,9%), por detr\u00e1s del 2,8% de abril; en marzo fue de 3,7%.\u00a0<strong>En cuanto al Gran Buenos Aires, se registr\u00f3 una suba del 2,1%, y en la denominada regi\u00f3n Pampeana, 2%<\/strong>.<\/p>\n<p>\u201cVivienda, agua, electricidad, gas y otros combustibles\u201d fue la divisi\u00f3n que m\u00e1s aument\u00f3 durante el mes, con una suba del 3,1%, impulsada por los incrementos en los alquileres y servicios b\u00e1sicos.<\/p>\n<p>En segundo lugar se ubic\u00f3 \u201cEducaci\u00f3n\u201d, tambi\u00e9n con un 3,1%\u00a0<strong>(3,4% en el Gran Buenos Aires y 2,8% en la regi\u00f3n Pampeana)<\/strong>, mientras que \u201cSalud y transporte\u201d registraron avances del 2,3% y 3,0%, respectivamente.<\/p>\n<p>Por el contrario, los sectores con menores alzas fueron \u201cRecreaci\u00f3n y cultura\u201d (+1,3%) y \u201cRestoranes y hoteles\u201d (+1,1%).<\/p>\n<p>La divisi\u00f3n \u201cAlimentos y bebidas no alcoh\u00f3licas\u201d, que tiene la mayor incidencia en el \u00edndice, subi\u00f3 1,9% a nivel nacional (<strong>2% en el Gran Buenos Aires y 1,3% en la regi\u00f3n Pampeana<\/strong>), aunque fue el rubro de mayor peso en casi todas las regiones, salvo en la Patagonia, donde predomin\u00f3 el impacto del transporte.<\/p>\n<p><strong>En el Gran Buenos Aires la mayor suba se registr\u00f3 en \u00abEducaci\u00f3n\u00bb, 3,4%, en tanto que en la regi\u00f3n Pampeana se registr\u00f3 en \u201cVivienda, agua, electricidad, gas y otros combustibles\u201d, 3,7%.<\/strong><\/p>\n<p>El Indec destaca que los precios regulados fueron los que m\u00e1s subieron en septiembre, con un alza promedio del 2,6%, seguidos por los estacionales (+2,2%) y el IPC n\u00facleo, que mide la evoluci\u00f3n de los precios sin considerar factores estacionales ni regulados, con un 1,9%.<\/p>\n<p>Cabe recordar, que en Gran Buenos Aires el Indec incluye a Ciudad Aut\u00f3noma de Buenos Aires y 24 partidos bonaerenses. En tanto, Patagonia abarca Bah\u00eda Blanca, Concordia, C\u00f3rdoba, Gran La Plata, Mar del Plata, Paran\u00e1, Rafaela, R\u00edo Cuarto, Gran Rosario, Gran Santa Fe, Santa Rosa, Tandil, Villa Mar\u00eda y Z\u00e1rate.<\/p>\n<p><strong>Indec: nuevo \u00edndice<\/strong><\/p>\n<p>En su informe, el Indec mencion\u00f3, adem\u00e1s, que desde <strong>enero de 2026 comenzar\u00e1 a regir una nueva metodolog\u00eda de c\u00e1lculo del IPC<\/strong> basada en la Encuesta de Ingresos y Gastos de los Hogares 2017-2018, que permitir\u00e1 una medici\u00f3n m\u00e1s precisa y actualizada del consumo de los hogares argentinos. <strong>(VW)<\/strong><\/p>\n","protected":false},"excerpt":{"rendered":"<p>Seg\u00fan el Indec, la inflaci\u00f3n interanual es de 31,8%. La divisi\u00f3n Vivienda, agua, electricidad, gas y otros combustibles subi\u00f3 3,1% a nivel nacional; educaci\u00f3n se increment\u00f3 3,1% y transporte registr\u00f3 un alza de 3%.&#46;&#46;&#46;<\/p>\n","protected":false},"author":4,"featured_media":10614,"comment_status":"closed","ping_status":"closed","sticky":false,"template":"","format":"standard","meta":{"_monsterinsights_skip_tracking":false,"_monsterinsights_sitenote_active":false,"_monsterinsights_sitenote_note":"","_monsterinsights_sitenote_category":0,"footnotes":""},"categories":[6],"tags":[75,8256],"class_list":["post-19290","post","type-post","status-publish","format-standard","has-post-thumbnail","hentry","category-economia","tag-indec","tag-ipc-septiembre"],"_links":{"self":[{"href":"https:\/\/www.visionweb.com.ar\/index.php?rest_route=\/wp\/v2\/posts\/19290","targetHints":{"allow":["GET"]}}],"collection":[{"href":"https:\/\/www.visionweb.com.ar\/index.php?rest_route=\/wp\/v2\/posts"}],"about":[{"href":"https:\/\/www.visionweb.com.ar\/index.php?rest_route=\/wp\/v2\/types\/post"}],"author":[{"embeddable":true,"href":"https:\/\/www.visionweb.com.ar\/index.php?rest_route=\/wp\/v2\/users\/4"}],"replies":[{"embeddable":true,"href":"https:\/\/www.visionweb.com.ar\/index.php?rest_route=%2Fwp%2Fv2%2Fcomments&post=19290"}],"version-history":[{"count":1,"href":"https:\/\/www.visionweb.com.ar\/index.php?rest_route=\/wp\/v2\/posts\/19290\/revisions"}],"predecessor-version":[{"id":19291,"href":"https:\/\/www.visionweb.com.ar\/index.php?rest_route=\/wp\/v2\/posts\/19290\/revisions\/19291"}],"wp:featuredmedia":[{"embeddable":true,"href":"https:\/\/www.visionweb.com.ar\/index.php?rest_route=\/wp\/v2\/media\/10614"}],"wp:attachment":[{"href":"https:\/\/www.visionweb.com.ar\/index.php?rest_route=%2Fwp%2Fv2%2Fmedia&parent=19290"}],"wp:term":[{"taxonomy":"category","embeddable":true,"href":"https:\/\/www.visionweb.com.ar\/index.php?rest_route=%2Fwp%2Fv2%2Fcategories&post=19290"},{"taxonomy":"post_tag","embeddable":true,"href":"https:\/\/www.visionweb.com.ar\/index.php?rest_route=%2Fwp%2Fv2%2Ftags&post=19290"}],"curies":[{"name":"wp","href":"https:\/\/api.w.org\/{rel}","templated":true}]}}