{"id":19286,"date":"2025-10-14T18:59:00","date_gmt":"2025-10-14T21:59:00","guid":{"rendered":"https:\/\/www.visionweb.com.ar\/?p=19286"},"modified":"2025-10-14T18:59:00","modified_gmt":"2025-10-14T21:59:00","slug":"fuerte-repudio-del-colegio-de-medicos-al-encuentro-antivacunas-organizado-en-el-congreso-de-la-nacion","status":"publish","type":"post","link":"https:\/\/www.visionweb.com.ar\/?p=19286","title":{"rendered":"Fuerte repudio del Colegio de M\u00e9dicos al encuentro antivacunas organizado en el Congreso de la Naci\u00f3n"},"content":{"rendered":"<p><em><strong>\u201cLas vacunas contienen Salud Comunitaria\u201d expres\u00f3 la entidad en un comunicado y agreg\u00f3 que \u201cla vacunaci\u00f3n ha salvado m\u00e1s de 154 millones de vidas en los \u00faltimos 50 a\u00f1os\u201d, en referencia a un encuentro de un grupo que proclama contra las vacunas, programado para el 20 de octubre en el Congreso.<\/strong><\/em><!--more--><\/p>\n<div id=\"attachment_19287\" style=\"width: 285px\" class=\"wp-caption alignright\"><img loading=\"lazy\" decoding=\"async\" aria-describedby=\"caption-attachment-19287\" class=\"wp-image-19287 size-full\" src=\"https:\/\/www.visionweb.com.ar\/wp-content\/uploads\/2025\/10\/vacunas-foto-prensa-cm-pba.jpg\" alt=\"\" width=\"275\" height=\"183\" \/><p id=\"caption-attachment-19287\" class=\"wp-caption-text\">Foto Prensa CMPBA<\/p><\/div>\n<p><strong>\u00a0 \u00a0 \u00a0E<\/strong>l <strong>Colegio de M\u00e9dicos de la Provincia de Buenos Aires (CMPBA)<\/strong> emiti\u00f3 un comunicado en que hizo manifiesto su <strong>en\u00e9rgico repudio<\/strong> <strong>al evento que cuestiona a la vacunaci\u00f3n y a las pol\u00edticas p\u00fablicas de salud<\/strong>, organizado por la diputada del Pro Maril\u00fa Quiroz, el cual tendr\u00e1 lugar el pr\u00f3ximo 20 de octubre en la Honorable C\u00e1mara de Diputados del Congreso de la Naci\u00f3n.<\/p>\n<p>Seg\u00fan la entidad colegiada, <strong>esta corriente \u201cconstituye un serio riesgo para la salud de la poblaci\u00f3n en lo que a prevenci\u00f3n y adhesi\u00f3n a los esquemas de vacunaci\u00f3n vigentes refiere\u201d<\/strong>. Ellos se presentan bajo el lema \u201c\u00bfQu\u00e9 contienen realmente las vacunas?\u201d, y el encuentro contiene su programaci\u00f3n a cargo de expositores negacionistas en ese sentido.<\/p>\n<p>En este marco, desde el <strong>Colegio de M\u00e9dicos<\/strong> advirtieron que <strong>la realizaci\u00f3n de<\/strong> <strong>tal jornada \u201csignifica<\/strong> una ocasi\u00f3n de desinformaci\u00f3n premeditada, la cual representa <strong>una clara amenaza sanitaria<\/strong>, resultando incompatible con los compromisos c\u00edvicos inherentes del Congreso\u201d, conforme indic\u00f3 Prensa del CMPBA.<\/p>\n<p><strong>\u201cLas vacunas contienen salud comunitaria\u201d<\/strong><\/p>\n<p>Adem\u00e1s, en el comunicado institucional se resalt\u00f3 que, desde una perspectiva cient\u00edfica y de Salud P\u00fablica, \u201cla <strong>importancia de las vacunas y de un esquema de vacunaci\u00f3n completo, trasciende la protecci\u00f3n individual<\/strong> para convertirse en un pilar fundamental de la seguridad nacional, la econom\u00eda y la bio\u00e9tica\u201d.<\/p>\n<p>Al mismo tiempo, se se\u00f1al\u00f3 que \u201c<strong>un pa\u00eds que descuida su esquema de inmunizaci\u00f3n no solo pone en riesgo la vida de sus ciudadanos<\/strong>, sino que debilita su propia estructura econ\u00f3mica, social y su capacidad para prosperar.<\/p>\n<p>En este marco, la entidad m\u00e9dica present\u00f3 un an\u00e1lisis profundo sobre la relevancia de la inmunizaci\u00f3n, reconocida como \u201cla intervenci\u00f3n de salud p\u00fablica m\u00e1s costo-efectiva despu\u00e9s del agua potable, siendo un pilar fundamental en la prevenci\u00f3n de enfermedades y el desarrollo econ\u00f3mico y social de las naciones, seg\u00fan destaca un reciente an\u00e1lisis cient\u00edfico sobre el tema\u201d.<\/p>\n<p>As\u00ed, se estima que <strong>la vacunaci\u00f3n ha salvado m\u00e1s de 154 millones de vidas en los \u00faltimos 50 a\u00f1os<\/strong>.<\/p>\n<p>Cient\u00edficamente, la vacuna funciona como un simulacro controlado, activando la respuesta inmune sin causar enfermedad grave, y estableciendo C\u00e9lulas de Memoria capaces de neutralizar r\u00e1pidamente un pat\u00f3geno real en el futuro, elevando la defensa del cuerpo.<\/p>\n<p>El an\u00e1lisis subraya que la vacunaci\u00f3n trasciende el acto individual, siendo un imperativo colectivo basado en la Inmunidad de Reba\u00f1o (I_R): Cuando un alto porcentaje de la poblaci\u00f3n est\u00e1 inmunizado, se detiene la transmisi\u00f3n comunitaria, protegiendo indirectamente a los m\u00e1s vulnerables que no pueden ser vacunados (reci\u00e9n nacidos, pacientes inmunocomprometidos), lo que constituye un acto de solidaridad sanitaria.<\/p>\n<p>En esta l\u00ednea, los expertos recuerdan la vital importancia de completar el esquema de vacunaci\u00f3n, incluyendo las dosis de refuerzo (boosters), dado que estas potencian la memoria inmunol\u00f3gica y extienden la duraci\u00f3n de la protecci\u00f3n a niveles \u00f3ptimos. Dejar el esquema incompleto revierte la I_R, lo que ha provocado el resurgimiento de enfermedades casi erradicadas como el sarampi\u00f3n.<\/p>\n<p>Finalmente, se remarca que <strong>la vacunaci\u00f3n se presenta como una inversi\u00f3n con alto Retorno Social<\/strong> (RSI), al reducir dr\u00e1sticamente los costos de hospitalizaci\u00f3n y tratamiento de enfermedades graves. <strong>(VW)<\/strong><\/p>\n","protected":false},"excerpt":{"rendered":"<p>\u201cLas vacunas contienen Salud Comunitaria\u201d expres\u00f3 la entidad en un comunicado y agreg\u00f3 que \u201cla vacunaci\u00f3n ha salvado m\u00e1s de 154 millones de vidas en los \u00faltimos 50 a\u00f1os\u201d, en referencia a un encuentro&#46;&#46;&#46;<\/p>\n","protected":false},"author":4,"featured_media":19287,"comment_status":"closed","ping_status":"closed","sticky":false,"template":"","format":"standard","meta":{"_monsterinsights_skip_tracking":false,"_monsterinsights_sitenote_active":false,"_monsterinsights_sitenote_note":"","_monsterinsights_sitenote_category":0,"footnotes":""},"categories":[4,5],"tags":[8222,591,8254,8255],"class_list":["post-19286","post","type-post","status-publish","format-standard","has-post-thumbnail","hentry","category-politica","category-sociedad","tag-cmpba","tag-comunicado","tag-consejo-medicos-pba","tag-repudio-por-reunion-antivacunas"],"_links":{"self":[{"href":"https:\/\/www.visionweb.com.ar\/index.php?rest_route=\/wp\/v2\/posts\/19286","targetHints":{"allow":["GET"]}}],"collection":[{"href":"https:\/\/www.visionweb.com.ar\/index.php?rest_route=\/wp\/v2\/posts"}],"about":[{"href":"https:\/\/www.visionweb.com.ar\/index.php?rest_route=\/wp\/v2\/types\/post"}],"author":[{"embeddable":true,"href":"https:\/\/www.visionweb.com.ar\/index.php?rest_route=\/wp\/v2\/users\/4"}],"replies":[{"embeddable":true,"href":"https:\/\/www.visionweb.com.ar\/index.php?rest_route=%2Fwp%2Fv2%2Fcomments&post=19286"}],"version-history":[{"count":1,"href":"https:\/\/www.visionweb.com.ar\/index.php?rest_route=\/wp\/v2\/posts\/19286\/revisions"}],"predecessor-version":[{"id":19288,"href":"https:\/\/www.visionweb.com.ar\/index.php?rest_route=\/wp\/v2\/posts\/19286\/revisions\/19288"}],"wp:featuredmedia":[{"embeddable":true,"href":"https:\/\/www.visionweb.com.ar\/index.php?rest_route=\/wp\/v2\/media\/19287"}],"wp:attachment":[{"href":"https:\/\/www.visionweb.com.ar\/index.php?rest_route=%2Fwp%2Fv2%2Fmedia&parent=19286"}],"wp:term":[{"taxonomy":"category","embeddable":true,"href":"https:\/\/www.visionweb.com.ar\/index.php?rest_route=%2Fwp%2Fv2%2Fcategories&post=19286"},{"taxonomy":"post_tag","embeddable":true,"href":"https:\/\/www.visionweb.com.ar\/index.php?rest_route=%2Fwp%2Fv2%2Ftags&post=19286"}],"curies":[{"name":"wp","href":"https:\/\/api.w.org\/{rel}","templated":true}]}}