{"id":19244,"date":"2025-10-09T12:23:08","date_gmt":"2025-10-09T15:23:08","guid":{"rendered":"https:\/\/www.visionweb.com.ar\/?p=19244"},"modified":"2025-10-09T12:24:00","modified_gmt":"2025-10-09T15:24:00","slug":"la-ministra-bullrich-admintio-problemas-con-la-boleta-unica","status":"publish","type":"post","link":"https:\/\/www.visionweb.com.ar\/?p=19244","title":{"rendered":"La Ministra Bullrich adminti\u00f3 problemas con la boleta \u00fanica"},"content":{"rendered":"<p><em><strong>La funcionaria asegur\u00f3 que \u00abNadie pens\u00f3 que un candidato se pod\u00eda bajar\u00bb.Para la candidata a Senadora por la ciudad de Buenos Aires el nuevo sistema para votar gener\u00f3 complicaciones.<\/strong><\/em>\u00a0 <!--more--><\/p>\n<p><img loading=\"lazy\" decoding=\"async\" class=\"size-medium wp-image-18031 alignright\" src=\"https:\/\/www.visionweb.com.ar\/wp-content\/uploads\/2025\/05\/Bullrich-910-300x160.png\" alt=\"\" width=\"300\" height=\"160\" srcset=\"https:\/\/www.visionweb.com.ar\/wp-content\/uploads\/2025\/05\/Bullrich-910-300x160.png 300w, https:\/\/www.visionweb.com.ar\/wp-content\/uploads\/2025\/05\/Bullrich-910.png 690w\" sizes=\"auto, (max-width: 300px) 100vw, 300px\" \/>La Boleta \u00danica de Papel volvi\u00f3 a estar en el centro del debate pol\u00edtico luego de que la ministra de Seguridad, Patricia Bullrich, admitiera que su implementaci\u00f3n provoc\u00f3 dificultades en la organizaci\u00f3n de las listas de candidatos. \u201cCambiamos el sistema electoral de una manera \u00fanica, pero nadie pens\u00f3 que se pod\u00eda bajar un candidato\u201d, se\u00f1al\u00f3 en declaraciones a Todo Noticias, en referencia a la baja de Jos\u00e9 Luis Espert y los cambios frustrados en la n\u00f3mina libertaria.<\/p>\n<p>Las declaraciones de Bullrich se produjeron despu\u00e9s de que la Justicia Electoral rechazara la intenci\u00f3n del oficialismo de colocar a Diego Santilli como cabeza de lista tras la salida de Espert, investigado por sus v\u00ednculos con el empresario Fred Machado, acusado de narcotr\u00e1fico. La funcionaria, que competir\u00e1 por una banca en el Senado, asegur\u00f3 que asumir\u00e1 en caso de ser electa y que el Ministerio de Seguridad mantendr\u00e1 la l\u00ednea actual: \u201cLa gesti\u00f3n ha sido valorada, y quien venga tiene que seguir con la misma din\u00e1mica: el que las hace, las paga\u201d.<\/p>\n<p>En otro tramo, Bullrich analiz\u00f3 la derrota de La Libertad Avanza en la provincia de Buenos Aires y sostuvo que el espacio perdi\u00f3 el voto joven. \u201cMilei tiene una conexi\u00f3n con los j\u00f3venes que hace mucho ning\u00fan pol\u00edtico ten\u00eda. Yo soy de otro estilo, no me veo haciendo shows ni bailando\u201d, expres\u00f3 al referirse al acto del Presidente en el Movistar Arena. Adem\u00e1s, se mostr\u00f3 dispuesta a reconstruir lazos con Juntos por el Cambio y pidi\u00f3 a Mauricio Macri \u201ccomportarse m\u00e1s como un exPresidente que como el titular de un partido\u201d.<\/p>\n<p>Finalmente, la ministra reconoci\u00f3 que el Gobierno \u201cdebe cambiar las formas\u201d y que el propio Milei est\u00e1 trabajando en eso. \u201cEl gran punto de cambio es que la negociaci\u00f3n y el di\u00e1logo tienen que servir para transformar. Tampoco se puede decir que alguien se siente maltratado; en pol\u00edtica, eso es ser ingenuo\u201d, concluy\u00f3.(VW)<\/p>\n","protected":false},"excerpt":{"rendered":"<p>La funcionaria asegur\u00f3 que \u00abNadie pens\u00f3 que un candidato se pod\u00eda bajar\u00bb.Para la candidata a Senadora por la ciudad de Buenos Aires el nuevo sistema para votar gener\u00f3 complicaciones.\u00a0<\/p>\n","protected":false},"author":3,"featured_media":18031,"comment_status":"closed","ping_status":"closed","sticky":false,"template":"","format":"standard","meta":{"_monsterinsights_skip_tracking":false,"_monsterinsights_sitenote_active":false,"_monsterinsights_sitenote_note":"","_monsterinsights_sitenote_category":0,"footnotes":""},"categories":[4],"tags":[504,8235,4680],"class_list":["post-19244","post","type-post","status-publish","format-standard","has-post-thumbnail","hentry","category-politica","tag-bullrich","tag-elecciones-boleta","tag-espert"],"_links":{"self":[{"href":"https:\/\/www.visionweb.com.ar\/index.php?rest_route=\/wp\/v2\/posts\/19244","targetHints":{"allow":["GET"]}}],"collection":[{"href":"https:\/\/www.visionweb.com.ar\/index.php?rest_route=\/wp\/v2\/posts"}],"about":[{"href":"https:\/\/www.visionweb.com.ar\/index.php?rest_route=\/wp\/v2\/types\/post"}],"author":[{"embeddable":true,"href":"https:\/\/www.visionweb.com.ar\/index.php?rest_route=\/wp\/v2\/users\/3"}],"replies":[{"embeddable":true,"href":"https:\/\/www.visionweb.com.ar\/index.php?rest_route=%2Fwp%2Fv2%2Fcomments&post=19244"}],"version-history":[{"count":1,"href":"https:\/\/www.visionweb.com.ar\/index.php?rest_route=\/wp\/v2\/posts\/19244\/revisions"}],"predecessor-version":[{"id":19245,"href":"https:\/\/www.visionweb.com.ar\/index.php?rest_route=\/wp\/v2\/posts\/19244\/revisions\/19245"}],"wp:featuredmedia":[{"embeddable":true,"href":"https:\/\/www.visionweb.com.ar\/index.php?rest_route=\/wp\/v2\/media\/18031"}],"wp:attachment":[{"href":"https:\/\/www.visionweb.com.ar\/index.php?rest_route=%2Fwp%2Fv2%2Fmedia&parent=19244"}],"wp:term":[{"taxonomy":"category","embeddable":true,"href":"https:\/\/www.visionweb.com.ar\/index.php?rest_route=%2Fwp%2Fv2%2Fcategories&post=19244"},{"taxonomy":"post_tag","embeddable":true,"href":"https:\/\/www.visionweb.com.ar\/index.php?rest_route=%2Fwp%2Fv2%2Ftags&post=19244"}],"curies":[{"name":"wp","href":"https:\/\/api.w.org\/{rel}","templated":true}]}}