{"id":19228,"date":"2025-10-08T11:54:41","date_gmt":"2025-10-08T14:54:41","guid":{"rendered":"https:\/\/www.visionweb.com.ar\/?p=19228"},"modified":"2025-10-08T11:55:06","modified_gmt":"2025-10-08T14:55:06","slug":"legislatura-bonaerense-impulsan-la-instalacion-de-medidores-de-dioxido-de-carbono-en-edificios-publicos","status":"publish","type":"post","link":"https:\/\/www.visionweb.com.ar\/?p=19228","title":{"rendered":"Legislatura bonaerense:  Impulsan la instalaci\u00f3n de medidores de di\u00f3xido de carbono en edificios p\u00fablicos"},"content":{"rendered":"<p><strong><em>Presidida por el diputado Ariel Archanco, la Comisi\u00f3n de Servicios P\u00fablicos de la HCD analiz\u00f3 y aprob\u00f3 varios proyectos vinculados a regulaci\u00f3n y prevenci\u00f3n de servicios esenciales y mantenimiento de rutas. <\/em><\/strong><!--more--><\/p>\n<p><img loading=\"lazy\" decoding=\"async\" class=\"size-medium wp-image-11702 alignright\" src=\"https:\/\/www.visionweb.com.ar\/wp-content\/uploads\/2023\/09\/a-escuelas-300x145.png\" alt=\"\" width=\"300\" height=\"145\" srcset=\"https:\/\/www.visionweb.com.ar\/wp-content\/uploads\/2023\/09\/a-escuelas-300x145.png 300w, https:\/\/www.visionweb.com.ar\/wp-content\/uploads\/2023\/09\/a-escuelas.png 462w\" sizes=\"auto, (max-width: 300px) 100vw, 300px\" \/>Con el objeto de prevenir intoxicaciones, el senador provincial Agust\u00edn Maspoli, impuls\u00f3 la iniciativa de instalar detectores para la medici\u00f3n de mon\u00f3xido de carbono y gas natural en todos los edificios p\u00fablicos de la provincia de Buenos Aires, especialmente en hospitales y geri\u00e1tricos, adem\u00e1s de colocarlos en los establecimientos educativos de gesti\u00f3n p\u00fablica y privada en forma progresiva hasta cubrir la totalidad de estas instalaciones bonaerenses.<\/p>\n<p>El mon\u00f3xido de carbono <strong>es un gas venenoso, sin olor y su inhalaci\u00f3n provoca que se reemplace el ox\u00edgeno en el torrente sangu\u00edneo con la consecuente falta de ox\u00edgeno, da\u00f1ando el coraz\u00f3n, el cerebro y otras partes del cuerpo.<\/strong><\/p>\n<p>Por tal motivo, este proyecto contempla una campa\u00f1a provincial anual realizada por el gobierno bonaerense con el fin de difundir sobre la importancia de las medidas de prevenci\u00f3n para evitar muertes por intoxicaciones de mon\u00f3xido de carbono y de concientizar acerca del uso responsable de artefactos dom\u00e9sticos que utilizan gas natural.<\/p>\n<p><img loading=\"lazy\" decoding=\"async\" class=\"size-medium wp-image-16928 alignleft\" src=\"https:\/\/www.visionweb.com.ar\/wp-content\/uploads\/2025\/01\/rutas-sin-obras-300x169.png\" alt=\"\" width=\"300\" height=\"169\" srcset=\"https:\/\/www.visionweb.com.ar\/wp-content\/uploads\/2025\/01\/rutas-sin-obras-300x169.png 300w, https:\/\/www.visionweb.com.ar\/wp-content\/uploads\/2025\/01\/rutas-sin-obras.png 450w\" sizes=\"auto, (max-width: 300px) 100vw, 300px\" \/>La comisi\u00f3n tambi\u00e9n trat\u00f3 y aprob\u00f3 proyectos de declaraci\u00f3n sobre servicios p\u00fablicos y relacionados al estado de las rutas en la Provincia, entre ellos un repudio a la resoluci\u00f3n de la Secretar\u00eda de Energ\u00eda de la Naci\u00f3n que desregul\u00f3 el precio del gas licuado envasado.<\/p>\n<p>Asimismo se propuso en la comisi\u00f3n rechazar el cierre de oficinas de atenci\u00f3n al p\u00fablico de AySA por el impacto negativo que genera en los vecinos de la provincia y el repudio y preocupaci\u00f3n por la decisi\u00f3n del Poder Ejecutivo Nacional de eliminar el Ente Nacional de Obras H\u00eddricas de Saneamiento, poniendo en riesgo la garant\u00eda de agua potable y cloacas para millones de argentinos.<\/p>\n<p>En relaci\u00f3n al mantenimiento de las rutas, se aval\u00f3 la preocupaci\u00f3n por el estado de las rutas nacionales que atraviesan la provincia de Buenos Aires y un pedido de urgente reparaci\u00f3n a la ruta nacional N\u00b035 que estuvo cortada 4 meses y que se reanud\u00f3 la circulaci\u00f3n en un estado de precariedad<strong>(VW)<\/strong>.<\/p>\n","protected":false},"excerpt":{"rendered":"<p>Presidida por el diputado Ariel Archanco, la Comisi\u00f3n de Servicios P\u00fablicos de la HCD analiz\u00f3 y aprob\u00f3 varios proyectos vinculados a regulaci\u00f3n y prevenci\u00f3n de servicios esenciales y mantenimiento de rutas.<\/p>\n","protected":false},"author":3,"featured_media":11702,"comment_status":"closed","ping_status":"closed","sticky":false,"template":"","format":"standard","meta":{"_monsterinsights_skip_tracking":false,"_monsterinsights_sitenote_active":false,"_monsterinsights_sitenote_note":"","_monsterinsights_sitenote_category":0,"footnotes":""},"categories":[4,5],"tags":[3913,8229,1110,8230,1041],"class_list":["post-19228","post","type-post","status-publish","format-standard","has-post-thumbnail","hentry","category-politica","category-sociedad","tag-edificios","tag-legidslatura","tag-medidores","tag-provinciales","tag-rutas"],"_links":{"self":[{"href":"https:\/\/www.visionweb.com.ar\/index.php?rest_route=\/wp\/v2\/posts\/19228","targetHints":{"allow":["GET"]}}],"collection":[{"href":"https:\/\/www.visionweb.com.ar\/index.php?rest_route=\/wp\/v2\/posts"}],"about":[{"href":"https:\/\/www.visionweb.com.ar\/index.php?rest_route=\/wp\/v2\/types\/post"}],"author":[{"embeddable":true,"href":"https:\/\/www.visionweb.com.ar\/index.php?rest_route=\/wp\/v2\/users\/3"}],"replies":[{"embeddable":true,"href":"https:\/\/www.visionweb.com.ar\/index.php?rest_route=%2Fwp%2Fv2%2Fcomments&post=19228"}],"version-history":[{"count":1,"href":"https:\/\/www.visionweb.com.ar\/index.php?rest_route=\/wp\/v2\/posts\/19228\/revisions"}],"predecessor-version":[{"id":19229,"href":"https:\/\/www.visionweb.com.ar\/index.php?rest_route=\/wp\/v2\/posts\/19228\/revisions\/19229"}],"wp:featuredmedia":[{"embeddable":true,"href":"https:\/\/www.visionweb.com.ar\/index.php?rest_route=\/wp\/v2\/media\/11702"}],"wp:attachment":[{"href":"https:\/\/www.visionweb.com.ar\/index.php?rest_route=%2Fwp%2Fv2%2Fmedia&parent=19228"}],"wp:term":[{"taxonomy":"category","embeddable":true,"href":"https:\/\/www.visionweb.com.ar\/index.php?rest_route=%2Fwp%2Fv2%2Fcategories&post=19228"},{"taxonomy":"post_tag","embeddable":true,"href":"https:\/\/www.visionweb.com.ar\/index.php?rest_route=%2Fwp%2Fv2%2Ftags&post=19228"}],"curies":[{"name":"wp","href":"https:\/\/api.w.org\/{rel}","templated":true}]}}