{"id":19226,"date":"2025-10-07T14:20:00","date_gmt":"2025-10-07T17:20:00","guid":{"rendered":"https:\/\/www.visionweb.com.ar\/?p=19226"},"modified":"2025-10-07T14:20:00","modified_gmt":"2025-10-07T17:20:00","slug":"se-subasto-el-predio-del-regimiento-de-patricios-por-us-127-millones-a-pesar-de-la-media-sancion-del-senado","status":"publish","type":"post","link":"https:\/\/www.visionweb.com.ar\/?p=19226","title":{"rendered":"Se subast\u00f3 el predio del Regimiento de Patricios por US$ 127 millones, a pesar de la media sanci\u00f3n del Senado"},"content":{"rendered":"<p><em><strong>El Senado ya dio media sanci\u00f3n a un proyecto que declara al predio como un espacio \u201chist\u00f3rico nacional, estrat\u00e9gico y no enajenable\u201d, pero se subast\u00f3. La desarrolladora de Costantini adelant\u00f3 que proyectar\u00e1 all\u00ed \u201cun nuevo distrito que integrar\u00e1 arquitectura, dise\u00f1o, arte y espacio p\u00fablico\u201d.<\/strong><\/em><!--more--><\/p>\n<p><strong> <img loading=\"lazy\" decoding=\"async\" class=\"size-medium wp-image-12261 alignright\" src=\"https:\/\/www.visionweb.com.ar\/wp-content\/uploads\/2023\/10\/CASA-DE-GOBIERNO-300x149.png\" alt=\"\" width=\"300\" height=\"149\" srcset=\"https:\/\/www.visionweb.com.ar\/wp-content\/uploads\/2023\/10\/CASA-DE-GOBIERNO-300x149.png 300w, https:\/\/www.visionweb.com.ar\/wp-content\/uploads\/2023\/10\/CASA-DE-GOBIERNO.png 640w\" sizes=\"auto, (max-width: 300px) 100vw, 300px\" \/>\u00a0 A<\/strong> trav\u00e9s de una subasta p\u00fablica organizada por la <strong>Agencia de Administraci\u00f3n de Bienes del Estado (AABE)<\/strong>, la desarrolladora Consultatio S.A. adquiri\u00f3 por <strong>US$ 127 millones el terreno del Ej\u00e9rcito<\/strong> ubicado en Cervi\u00f1o y Bullrich, en el barrio porte\u00f1o de Palermo.<\/p>\n<p><strong>El predio, de casi 4,4 hect\u00e1reas (42.000 m\u00b2), es el sitio donde actualmente funciona el complejo comercial Portal Palermo<\/strong>, concesionado desde 1994.<\/p>\n<p>La operaci\u00f3n se concret\u00f3 pese a que la semana pasada el <strong>Senado le dio media sanci\u00f3n a un proyecto que declara al predio del Regimiento de Patricios como un espacio \u201chist\u00f3rico nacional, estrat\u00e9gico y no enajenable\u201d.\u00a0<\/strong><\/p>\n<p>Hubo 56 votos a favor y cuatro en contra y esta ecuaci\u00f3n de la C\u00e1mara Alta <strong>propone dejar sin efecto el proceso administrativo iniciado por el Gobierno<\/strong> para avanzar con la licitaci\u00f3n del terreno.<\/p>\n<p>Tras la subasta, el diputado nacional por Encuentro Federal <strong>Miguel \u00c1ngel<\/strong>\u00a0<strong>Pichetto critic\u00f3 la venta en la red social X y adelant\u00f3 que buscar\u00e1n que la C\u00e1mara de Diputados convierta en ley la iniciativa sancionada por el Senado para\u00a0<\/strong>declarar nula la operaci\u00f3n.<\/p>\n<p>Pichetto sostuvo que el predio \u201csiempre fue del Regimiento de Patricios\u201d y record\u00f3 que <strong>hab\u00eda presentado un amparo con medida cautelar para suspender la subasta<\/strong>, recurso que fue rechazado por la jueza Mar\u00eda Alejandra Biotti del Juzgado 5 en lo Contencioso Administrativo y Tributario por falta de legitimaci\u00f3n activa.<\/p>\n<p><strong>Consultatio<\/strong> comunic\u00f3 la compra y adelant\u00f3 sus planes: \u201ccon entusiasmo compartimos una nueva adquisici\u00f3n: Consultatio incorpor\u00f3 un nuevo terreno en Palermo, una de las fracciones m\u00e1s codiciadas de Buenos Aires, ubicada en avenida Cervi\u00f1o, esquina Bullrich\u201d.<\/p>\n<p>La desarrolladora, del empresario <strong>Eduardo Costantini<\/strong>, indic\u00f3 que proyectar\u00e1 all\u00ed \u201cun nuevo distrito que\u00a0<strong>integrar\u00e1 arquitectura, dise\u00f1o, arte y espacio p\u00fablico,\u00a0<\/strong>reafirmando su vocaci\u00f3n por desarrollar lugares que trascienden la vivienda y se abren a la ciudad\u201d.<\/p>\n<p><strong>El monto pagado de US$ 127 millones supera en US$ 46 millones el precio base<\/strong>\u00a0fijado por el Tribunal de Tasaciones de la Naci\u00f3n (US$ 81.817.977,52). El predio limita con el Regimiento de Infanter\u00eda 1 Patricios, sobre la calle Cervi\u00f1o entre Bullrich y Dorrego.<\/p>\n<p><strong>Fuerte ofensiva para proteger el Regimiento de Patricios <\/strong><\/p>\n<p>El senador nacional radical por Tierra del Fuego, <strong>Pablo Blanco<\/strong>,\u00a0<strong>present\u00f3 un proyecto de ley para declarar \u201clugar hist\u00f3rico nacional, estrat\u00e9gico y no enajenable\u201d<\/strong>\u00a0el terreno que ocupa el hist\u00f3rico Regimiento de Infanter\u00eda 1 \u201cPatricios\u201d, en el barrio porte\u00f1o de Palermo. La iniciativa busca frenar el remate de una porci\u00f3n de esas tierras, dispuesto por el Poder Ejecutivo a trav\u00e9s de la Agencia de Administraci\u00f3n de Bienes del Estado (AABE).<\/p>\n<p>El proyecto, ingresado al Senado, propone adem\u00e1s\u00a0<strong>\u201cafectar a perpetuidad la totalidad del terreno al Ej\u00e9rcito Argentino\u201d.\u00a0<\/strong>De aprobarse la ley, las instalaciones solo podr\u00edan destinarse a actividades vinculadas a la defensa nacional o a fines cient\u00edficos y culturales.<\/p>\n<p>\u201cEn lugar de aprovechar la finalizaci\u00f3n de dicha concesi\u00f3n para recuperar este baluarte del\u00a0<strong>patrimonio hist\u00f3rico y cultural de la Naci\u00f3n Argentina\u00a0<\/strong>y, en particular, de su Ej\u00e9rcito, el Poder Ejecutivo Nacional [\u2026] dispuso el remate de esa fracci\u00f3n\u201d, argument\u00f3 Blanco en los fundamentos del proyecto.<\/p>\n<p><strong>El Regimiento de Patricios, cuyo origen se remonta a las invasiones inglesas de 1806<\/strong>, se instal\u00f3 en el predio de Palermo en 1913. El conjunto de edificios y jardines ya fue <strong>declarado Monumento y Lugar Hist\u00f3rico Nacional por un decreto del a\u00f1o 2010<\/strong>.<\/p>\n<p>El proyecto de ley del senador radical busca dejar \u201csin efecto todo proceso administrativo iniciado o por iniciarse que tenga por objeto la enajenaci\u00f3n del terreno\u201d. En sus fundamentos, Blanco recuerda que es una obligaci\u00f3n del Congreso actuar en defensa de\u00a0<strong>\u201cun bien tan caro a los sentimientos de nuestra Naci\u00f3n\u201d\u00a0<\/strong>y cumplir con el mandato constitucional que le otorga la potestad de \u201cdisponer del uso y de la enajenaci\u00f3n de las tierras de propiedad nacional\u201d. <strong>(VW)<\/strong><\/p>\n","protected":false},"excerpt":{"rendered":"<p>El Senado ya dio media sanci\u00f3n a un proyecto que declara al predio como un espacio \u201chist\u00f3rico nacional, estrat\u00e9gico y no enajenable\u201d, pero se subast\u00f3. La desarrolladora de Costantini adelant\u00f3 que proyectar\u00e1 all\u00ed \u201cun&#46;&#46;&#46;<\/p>\n","protected":false},"author":4,"featured_media":12261,"comment_status":"closed","ping_status":"closed","sticky":false,"template":"","format":"standard","meta":{"_monsterinsights_skip_tracking":false,"_monsterinsights_sitenote_active":false,"_monsterinsights_sitenote_note":"","_monsterinsights_sitenote_category":0,"footnotes":""},"categories":[8,4],"tags":[737,8227,468,8228],"class_list":["post-19226","post","type-post","status-publish","format-standard","has-post-thumbnail","hentry","category-interes-general","category-politica","tag-patrimonio-historico","tag-predio-regimiento-de-patricios","tag-senado","tag-subasta"],"_links":{"self":[{"href":"https:\/\/www.visionweb.com.ar\/index.php?rest_route=\/wp\/v2\/posts\/19226","targetHints":{"allow":["GET"]}}],"collection":[{"href":"https:\/\/www.visionweb.com.ar\/index.php?rest_route=\/wp\/v2\/posts"}],"about":[{"href":"https:\/\/www.visionweb.com.ar\/index.php?rest_route=\/wp\/v2\/types\/post"}],"author":[{"embeddable":true,"href":"https:\/\/www.visionweb.com.ar\/index.php?rest_route=\/wp\/v2\/users\/4"}],"replies":[{"embeddable":true,"href":"https:\/\/www.visionweb.com.ar\/index.php?rest_route=%2Fwp%2Fv2%2Fcomments&post=19226"}],"version-history":[{"count":1,"href":"https:\/\/www.visionweb.com.ar\/index.php?rest_route=\/wp\/v2\/posts\/19226\/revisions"}],"predecessor-version":[{"id":19227,"href":"https:\/\/www.visionweb.com.ar\/index.php?rest_route=\/wp\/v2\/posts\/19226\/revisions\/19227"}],"wp:featuredmedia":[{"embeddable":true,"href":"https:\/\/www.visionweb.com.ar\/index.php?rest_route=\/wp\/v2\/media\/12261"}],"wp:attachment":[{"href":"https:\/\/www.visionweb.com.ar\/index.php?rest_route=%2Fwp%2Fv2%2Fmedia&parent=19226"}],"wp:term":[{"taxonomy":"category","embeddable":true,"href":"https:\/\/www.visionweb.com.ar\/index.php?rest_route=%2Fwp%2Fv2%2Fcategories&post=19226"},{"taxonomy":"post_tag","embeddable":true,"href":"https:\/\/www.visionweb.com.ar\/index.php?rest_route=%2Fwp%2Fv2%2Ftags&post=19226"}],"curies":[{"name":"wp","href":"https:\/\/api.w.org\/{rel}","templated":true}]}}