{"id":19057,"date":"2025-09-15T07:35:24","date_gmt":"2025-09-15T10:35:24","guid":{"rendered":"https:\/\/www.visionweb.com.ar\/?p=19057"},"modified":"2025-09-15T07:36:28","modified_gmt":"2025-09-15T10:36:28","slug":"el-presidente-milei-decreto-una-modificacion-a-los-feriados-puente","status":"publish","type":"post","link":"https:\/\/www.visionweb.com.ar\/?p=19057","title":{"rendered":"El presidente Milei decret\u00f3 una modificaci\u00f3n a los feriados puente"},"content":{"rendered":"<p class=\"article-deck\"><em><strong>El Gobierno, a trav\u00e9s del Decreto 614\/2025, estableci\u00f3 nuevas reglas para feriados trasladables facultando a Jefatura de Gabinete a definir traslados.<\/strong><\/em><!--more--><\/p>\n<p><img loading=\"lazy\" decoding=\"async\" class=\"size-medium wp-image-7663 alignleft\" src=\"https:\/\/www.visionweb.com.ar\/wp-content\/uploads\/2022\/10\/calendario-feriados-300x198.jpg\" alt=\"\" width=\"300\" height=\"198\" srcset=\"https:\/\/www.visionweb.com.ar\/wp-content\/uploads\/2022\/10\/calendario-feriados-300x198.jpg 300w, https:\/\/www.visionweb.com.ar\/wp-content\/uploads\/2022\/10\/calendario-feriados.bmp 620w\" sizes=\"auto, (max-width: 300px) 100vw, 300px\" \/>El Gobierno de Javier Milei firm\u00f3 el Decreto 614\/2025, que establece nuevas reglas para los\u00a0<strong>feriados trasladables en Argentina<\/strong>, generando un impacto directo en el calendario de 2026 y abriendo la puerta a m\u00e1s fines de semana largos. La medida, publicada en el Bolet\u00edn Oficial con las firmas del presidente y el jefe de Gabinete,\u00a0<strong>Guillermo Francos<\/strong>, busca \u00abhonrar la condici\u00f3n de feriados trasladables\u00bb y ya est\u00e1 en vigencia.<\/p>\n<p>La principal modificaci\u00f3n es que los feriados que caigan en s\u00e1bado o domingo ahora podr\u00e1n correrse al\u00a0<strong>viernes anterior o al lunes posterior<\/strong>, algo que la Ley 27.399 no contemplaba expl\u00edcitamente.\u00a0<strong>Seg\u00fan supo Noticias Argentinas<\/strong>, la Jefatura de Gabinete de Ministros fue designada como autoridad de aplicaci\u00f3n, con la facultad de decidir el traslado de cada feriado alcanzado por la medida.<\/p>\n<div class=\"article-body\" data-tadevel-template=\"web\/article-body\">\n<div class=\"article-body-content\">\n<h3>Feriados inamovibles y trasladables de 2026:<\/h3>\n<p>El calendario de 2026 ya empieza a tomar forma con estas nuevas disposiciones, que buscan fomentar el turismo y ofrecer m\u00e1s d\u00edas de descanso.<\/p>\n<p><strong>Feriados Inamovibles 2026:<\/strong><\/p>\n<ul>\n<li>Jueves 1 de enero: A\u00f1o Nuevo<\/li>\n<li>Lunes 16 de febrero: Carnaval<\/li>\n<li>Martes 17 de febrero: Carnaval<\/li>\n<li>Martes 24 de marzo: D\u00eda Nacional de la Memoria por la Verdad y la Justicia<\/li>\n<li>Jueves 2 de abril: D\u00eda del Veterano y de los Ca\u00eddos en la Guerra de Malvinas<\/li>\n<li>Viernes 3 de abril: Viernes Santo<\/li>\n<li>Viernes 1 de mayo: D\u00eda del Trabajador<\/li>\n<li>Lunes 25 de mayo: D\u00eda de la Revoluci\u00f3n de Mayo<\/li>\n<li>S\u00e1bado 20 de junio: Paso a la Inmortalidad del General Manuel Belgrano<\/li>\n<li>Jueves 9 de julio: D\u00eda de la Independencia<\/li>\n<li>Martes 8 de diciembre: Inmaculada Concepci\u00f3n de Mar\u00eda<\/li>\n<li>Viernes 25 de diciembre: Navidad<\/li>\n<\/ul>\n<p><strong>Feriados Trasladables 2026 (con confirmaci\u00f3n de traslado o posibilidad seg\u00fan el decreto):<\/strong><\/p>\n<ul>\n<li>Mi\u00e9rcoles 17 de junio: Paso a la Inmortalidad del General Mart\u00edn Miguel de G\u00fcemes (posible traslado)<\/li>\n<li>Lunes 17 de agosto: Paso a la Inmortalidad del General Jos\u00e9 de San Mart\u00edn (traslado confirmado)<\/li>\n<li>Lunes 12 de octubre: D\u00eda del Respeto a la Diversidad Cultural (traslado confirmado)<\/li>\n<li>Viernes 20 de noviembre: D\u00eda de la Soberan\u00eda Nacional (traslado para formar fin de semana largo)<\/li>\n<\/ul>\n<h3>Fines de semana largos clave para 2026:<\/h3>\n<p>Gracias a los feriados trasladables, ya se perfilan varios fines de semana largos para agendar:<\/p>\n<ul>\n<li>Del s\u00e1bado 14 al martes 17 de febrero: Carnaval<\/li>\n<li>Del jueves 2 al domingo 5 de abril: Semana Santa + D\u00eda de Malvinas<\/li>\n<li>Del viernes 20 al domingo 22 de noviembre: Por el traslado del D\u00eda de la Soberan\u00eda Nacional.<\/li>\n<\/ul>\n<p>A\u00fan queda por definir si se establecer\u00e1n\u00a0<strong>feriados \u00abpuente\u00bb<\/strong> adicionales, que se suelen fijar por decreto presidencial para fomentar el turismo. Se esperan novedades al respecto en los pr\u00f3ximos meses.<strong>(VW)<\/strong><\/p>\n<p><strong>Fuente: Agencias Noticias Argentinas<\/strong><\/p>\n<\/div>\n<\/div>\n","protected":false},"excerpt":{"rendered":"<p>El Gobierno, a trav\u00e9s del Decreto 614\/2025, estableci\u00f3 nuevas reglas para feriados trasladables facultando a Jefatura de Gabinete a definir traslados.<\/p>\n","protected":false},"author":3,"featured_media":7663,"comment_status":"closed","ping_status":"closed","sticky":false,"template":"","format":"standard","meta":{"_monsterinsights_skip_tracking":false,"_monsterinsights_sitenote_active":false,"_monsterinsights_sitenote_note":"","_monsterinsights_sitenote_category":0,"footnotes":""},"categories":[8],"tags":[1376,4530,6970],"class_list":["post-19057","post","type-post","status-publish","format-standard","has-post-thumbnail","hentry","category-interes-general","tag-feriados","tag-milei","tag-trasladables"],"_links":{"self":[{"href":"https:\/\/www.visionweb.com.ar\/index.php?rest_route=\/wp\/v2\/posts\/19057","targetHints":{"allow":["GET"]}}],"collection":[{"href":"https:\/\/www.visionweb.com.ar\/index.php?rest_route=\/wp\/v2\/posts"}],"about":[{"href":"https:\/\/www.visionweb.com.ar\/index.php?rest_route=\/wp\/v2\/types\/post"}],"author":[{"embeddable":true,"href":"https:\/\/www.visionweb.com.ar\/index.php?rest_route=\/wp\/v2\/users\/3"}],"replies":[{"embeddable":true,"href":"https:\/\/www.visionweb.com.ar\/index.php?rest_route=%2Fwp%2Fv2%2Fcomments&post=19057"}],"version-history":[{"count":2,"href":"https:\/\/www.visionweb.com.ar\/index.php?rest_route=\/wp\/v2\/posts\/19057\/revisions"}],"predecessor-version":[{"id":19059,"href":"https:\/\/www.visionweb.com.ar\/index.php?rest_route=\/wp\/v2\/posts\/19057\/revisions\/19059"}],"wp:featuredmedia":[{"embeddable":true,"href":"https:\/\/www.visionweb.com.ar\/index.php?rest_route=\/wp\/v2\/media\/7663"}],"wp:attachment":[{"href":"https:\/\/www.visionweb.com.ar\/index.php?rest_route=%2Fwp%2Fv2%2Fmedia&parent=19057"}],"wp:term":[{"taxonomy":"category","embeddable":true,"href":"https:\/\/www.visionweb.com.ar\/index.php?rest_route=%2Fwp%2Fv2%2Fcategories&post=19057"},{"taxonomy":"post_tag","embeddable":true,"href":"https:\/\/www.visionweb.com.ar\/index.php?rest_route=%2Fwp%2Fv2%2Ftags&post=19057"}],"curies":[{"name":"wp","href":"https:\/\/api.w.org\/{rel}","templated":true}]}}