{"id":19048,"date":"2025-09-11T12:59:22","date_gmt":"2025-09-11T15:59:22","guid":{"rendered":"https:\/\/www.visionweb.com.ar\/?p=19048"},"modified":"2025-09-11T12:59:22","modified_gmt":"2025-09-11T15:59:22","slug":"festival-en-lanus-por-pablo-grillo-a-seis-meses-de-la-brutal-represion","status":"publish","type":"post","link":"https:\/\/www.visionweb.com.ar\/?p=19048","title":{"rendered":"Festival en Lan\u00fas por Pablo Grillo, a seis meses de la brutal represi\u00f3n"},"content":{"rendered":"<p><strong><em>Bajo el lema \u00abJusticia por Pablo Grillo\u00bb, el Vel\u00f3dromo de Lan\u00fas ser\u00e1 epicentro este fin de semana de un festival para el joven de 35 a\u00f1os que result\u00f3 herido de gravedad en la cabeza en marzo pasado por una bomba de gas lacrim\u00f3geno lanzada por fuerzas de seguridad. Su familia sigue reclamando justicia.<\/em><\/strong><!--more--><\/p>\n<p><strong>\u00a0 <img loading=\"lazy\" decoding=\"async\" class=\"size-medium wp-image-17503 alignleft\" src=\"https:\/\/www.visionweb.com.ar\/wp-content\/uploads\/2025\/03\/pablo-grillo-fotografo-300x175.png\" alt=\"\" width=\"300\" height=\"175\" srcset=\"https:\/\/www.visionweb.com.ar\/wp-content\/uploads\/2025\/03\/pablo-grillo-fotografo-300x175.png 300w, https:\/\/www.visionweb.com.ar\/wp-content\/uploads\/2025\/03\/pablo-grillo-fotografo.png 621w\" sizes=\"auto, (max-width: 300px) 100vw, 300px\" \/> \u201cJusticia por Pablo\u201d, es la consigna de la convocatoria para el pr\u00f3ximo s\u00e1bado<\/strong> en el Vel\u00f3dromo de Lan\u00fas, a seis meses de la represi\u00f3n frente al Congreso que dej\u00f3 al fotoperiodista de Remedios de Escalada, <strong>Pablo Grillo<\/strong>, herido de gravedad.<\/p>\n<p><strong>El evento se realizar\u00e1 el s\u00e1bado<\/strong>, a partir de las 10 cuando se disputar\u00e1 un torneo de f\u00fatbol. A las 14 ser\u00e1 el turno del festival con exposiciones, intervenciones, ajedrez, stencil, estampas.<\/p>\n<p>El<strong> Grupo de Experimentaci\u00f3n en Artes del Movimiento de la UNA, <\/strong>dirigido por la Prof. Valeria Mart\u00ednez, participar\u00e1 del\u00a0Festival Solidario Justicia por Pablo Grillo\u00a0con la performance\u00a0<strong>C\u00f3mo hacer ver?<\/strong>\u00a0de Jazm\u00edn Titiunik. son algunas de las propuestas,<strong> adem\u00e1s de entretenimiento para las infancias.<\/strong><\/p>\n<p>Cabe mencionar que en el marco de las elecciones del domingo pasado, una gigantograf\u00eda con la imagen de Pablo apareci\u00f3 en la puerta de la Escuela N\u00ba 45 \u201cLuis Piedrabuena\u201d de Remedios de Escalada, lugar que ten\u00eda designado para emitir su voto.<\/p>\n<p>Un festival de barrio con memoria<\/p>\n<p>Tambi\u00e9n las pe\u00f1as, las organizaciones de derechos humanos y los clubes de barrio pondr\u00e1n el cuerpo y la voz para sostener un reclamo que no se apaga.<\/p>\n<p>Las im\u00e1genes hablan solas: una reuni\u00f3n se convierte en asamblea, el mate en bandera, la m\u00fasica en grito colectivo. En cada rinc\u00f3n habr\u00e1 fotos de Pablo retratando la calle.<\/p>\n<p><img loading=\"lazy\" decoding=\"async\" class=\"size-medium wp-image-18045 alignright\" src=\"https:\/\/www.visionweb.com.ar\/wp-content\/uploads\/2025\/05\/pablo-grillo-instagram-300x251.png\" alt=\"\" width=\"300\" height=\"251\" srcset=\"https:\/\/www.visionweb.com.ar\/wp-content\/uploads\/2025\/05\/pablo-grillo-instagram-300x251.png 300w, https:\/\/www.visionweb.com.ar\/wp-content\/uploads\/2025\/05\/pablo-grillo-instagram.png 488w\" sizes=\"auto, (max-width: 300px) 100vw, 300px\" \/>Su estado de salud:<\/p>\n<p><strong>Est\u00e1 en rehabilitaci\u00f3n nuevamente,\u00a0<\/strong>ya lo trasladaron ayer al Rocca y\u00a0<strong>estamos expectantes con la evoluci\u00f3n neurol\u00f3gica. Desde el punto de vista cl\u00ednico est\u00e1 bien. La operaci\u00f3n sali\u00f3 bien<\/strong>\u201d, afirm\u00f3 su padre,\u00a0<strong>Fabi\u00e1n Grillo<\/strong>, en declaraciones a Sin corbata de radio Splendid AM 990.<\/p>\n<p>En la cuenta de Instagram\u00a0<strong>@justiciaporpablogrillo<\/strong>, que informa sobre el estado de salud de Pablo, la familia agradeci\u00f3 el apoyo recibido: \u201cEste mi\u00e9rcoles trasladan a Pablo al hospital de rehabilitaci\u00f3n neurol\u00f3gica M. Rocca para que contin\u00fae con su rehabilitaci\u00f3n. Gracias de todo coraz\u00f3n por el apoyo\u201d. <strong>(VW)<\/strong><\/p>\n","protected":false},"excerpt":{"rendered":"<p>Bajo el lema \u00abJusticia por Pablo Grillo\u00bb, el Vel\u00f3dromo de Lan\u00fas ser\u00e1 epicentro este fin de semana de un festival para el joven de 35 a\u00f1os que result\u00f3 herido de gravedad en la cabeza&#46;&#46;&#46;<\/p>\n","protected":false},"author":4,"featured_media":17503,"comment_status":"closed","ping_status":"closed","sticky":false,"template":"","format":"standard","meta":{"_monsterinsights_skip_tracking":false,"_monsterinsights_sitenote_active":false,"_monsterinsights_sitenote_note":"","_monsterinsights_sitenote_category":0,"footnotes":""},"categories":[8,5],"tags":[8133,228,7457,3510],"class_list":["post-19048","post","type-post","status-publish","format-standard","has-post-thumbnail","hentry","category-interes-general","category-sociedad","tag-a-seis-meses-del-ataque","tag-festival","tag-pablo-grillo","tag-velodromo-de-lanus"],"_links":{"self":[{"href":"https:\/\/www.visionweb.com.ar\/index.php?rest_route=\/wp\/v2\/posts\/19048","targetHints":{"allow":["GET"]}}],"collection":[{"href":"https:\/\/www.visionweb.com.ar\/index.php?rest_route=\/wp\/v2\/posts"}],"about":[{"href":"https:\/\/www.visionweb.com.ar\/index.php?rest_route=\/wp\/v2\/types\/post"}],"author":[{"embeddable":true,"href":"https:\/\/www.visionweb.com.ar\/index.php?rest_route=\/wp\/v2\/users\/4"}],"replies":[{"embeddable":true,"href":"https:\/\/www.visionweb.com.ar\/index.php?rest_route=%2Fwp%2Fv2%2Fcomments&post=19048"}],"version-history":[{"count":1,"href":"https:\/\/www.visionweb.com.ar\/index.php?rest_route=\/wp\/v2\/posts\/19048\/revisions"}],"predecessor-version":[{"id":19049,"href":"https:\/\/www.visionweb.com.ar\/index.php?rest_route=\/wp\/v2\/posts\/19048\/revisions\/19049"}],"wp:featuredmedia":[{"embeddable":true,"href":"https:\/\/www.visionweb.com.ar\/index.php?rest_route=\/wp\/v2\/media\/17503"}],"wp:attachment":[{"href":"https:\/\/www.visionweb.com.ar\/index.php?rest_route=%2Fwp%2Fv2%2Fmedia&parent=19048"}],"wp:term":[{"taxonomy":"category","embeddable":true,"href":"https:\/\/www.visionweb.com.ar\/index.php?rest_route=%2Fwp%2Fv2%2Fcategories&post=19048"},{"taxonomy":"post_tag","embeddable":true,"href":"https:\/\/www.visionweb.com.ar\/index.php?rest_route=%2Fwp%2Fv2%2Ftags&post=19048"}],"curies":[{"name":"wp","href":"https:\/\/api.w.org\/{rel}","templated":true}]}}