{"id":19030,"date":"2025-09-10T10:36:44","date_gmt":"2025-09-10T13:36:44","guid":{"rendered":"https:\/\/www.visionweb.com.ar\/?p=19030"},"modified":"2025-09-10T10:36:44","modified_gmt":"2025-09-10T13:36:44","slug":"las-ventas-minoristas-de-las-pymes-bajaron-26-interanual-en-agosto","status":"publish","type":"post","link":"https:\/\/www.visionweb.com.ar\/?p=19030","title":{"rendered":"Las ventas minoristas de las pymes bajaron 2,6% interanual en agosto"},"content":{"rendered":"<p><em><strong>Lo indic\u00f3 un informe de CAME. Alimentos, indumentaria, bazar y calzado fueron algunos de los rubros en retroceso. Predominaron las compras presenciales con fuerte uso de promociones y cuotas.<\/strong><\/em><!--more--><\/p>\n<p><img loading=\"lazy\" decoding=\"async\" class=\"size-full wp-image-4406 alignleft\" src=\"https:\/\/www.visionweb.com.ar\/wp-content\/uploads\/2022\/02\/comercios.bmp\" alt=\"\" width=\"477\" height=\"337\" \/> \u00a0 <strong>E<\/strong>l\u00a0<strong>\u00cdndice de Ventas Minoristas Pyme<\/strong>\u00a0elaborado por la\u00a0<strong>Confederaci\u00f3n Argentina de la Mediana Empresa (CAME)<\/strong>, mostr\u00f3 que las<strong> ventas minoristas de las peque\u00f1as y medianas empresas<\/strong> se retrajeron en agosto, ya que los comercios registraron una\u00a0<strong>ca\u00edda interanual del 2,6%<\/strong>\u00a0a precios constantes.<\/p>\n<p>A la vez, en<strong> la comparaci\u00f3n mensual desestacionalizada retrocedieron 2,2%<\/strong>. Aun as\u00ed,\u00a0<strong>en el acumulado del a\u00f1o mantienen un crecimiento de 6,2%<\/strong>.<\/p>\n<p>El informe destac\u00f3 que\u00a0<strong>s\u00f3lo el rubro farmacias logr\u00f3 escapar de la tendencia negativa, con un leve avance del 0,2% interanual<\/strong>. El resto de los sectores mostr\u00f3 bajas:<\/p>\n<ul>\n<li>Bazar, decoraci\u00f3n y muebles: -10,4%<\/li>\n<li>Perfumer\u00eda: -8,9%<\/li>\n<li>Textil e indumentaria: -4,8%<\/li>\n<li>Ferreter\u00eda y materiales de construcci\u00f3n: -1,9%<\/li>\n<li>Alimentos y bebidas: -0,9%<\/li>\n<li>Calzado y marroquiner\u00eda: -0,8%<\/li>\n<\/ul>\n<p>Cabe se\u00f1alar, que las fechas comerciales, como la reciente D\u00eda del Ni\u00f1o, aportaron algo de dinamismo, pero no lograron revertir la tendencia general.\u00a0<strong>Predominaron las compras presenciales, con fuerte dependencia de promociones y financiamiento en cuotas.<\/strong><\/p>\n<p>La incertidumbre macroecon\u00f3mica, la presi\u00f3n impositiva y las dificultades de financiamiento incidieron en la planificaci\u00f3n de stock, inversiones y precios. As\u00ed, se gener\u00f3 un escenario de\u00a0<strong>consumo moderado<\/strong>\u00a0y\u00a0<strong>estrategias defensivas<\/strong>\u00a0en la mayor\u00eda de los sectores.<\/p>\n<p><strong>Expectativas<\/strong><\/p>\n<p>Respecto a la econom\u00eda de los comercios, el 55% indic\u00f3 que se mantuvo en comparaci\u00f3n al a\u00f1o anterior, mientras que un 35% (5 puntos porcentuales m\u00e1s que el mes anterior) afirm\u00f3 que empeor\u00f3.<\/p>\n<p>Por otro lado, el 49% de los comercios relevados sostiene que la situaci\u00f3n econ\u00f3mica de su negocio mejorar\u00e1 de cara al pr\u00f3ximo a\u00f1o, mientras que la cantidad de encuestados que cree que ser\u00e1 peor creci\u00f3 respecto al mes anterior, estableci\u00e9ndose en el 9%. <strong>(VW)<\/strong><\/p>\n","protected":false},"excerpt":{"rendered":"<p>Lo indic\u00f3 un informe de CAME. Alimentos, indumentaria, bazar y calzado fueron algunos de los rubros en retroceso. Predominaron las compras presenciales con fuerte uso de promociones y cuotas.<\/p>\n","protected":false},"author":4,"featured_media":4406,"comment_status":"closed","ping_status":"closed","sticky":false,"template":"","format":"standard","meta":{"_monsterinsights_skip_tracking":false,"_monsterinsights_sitenote_active":false,"_monsterinsights_sitenote_note":"","_monsterinsights_sitenote_category":0,"footnotes":""},"categories":[6],"tags":[309,8121,3145],"class_list":["post-19030","post","type-post","status-publish","format-standard","has-post-thumbnail","hentry","category-economia","tag-came","tag-informe-ventas-agosto","tag-retroceso"],"_links":{"self":[{"href":"https:\/\/www.visionweb.com.ar\/index.php?rest_route=\/wp\/v2\/posts\/19030","targetHints":{"allow":["GET"]}}],"collection":[{"href":"https:\/\/www.visionweb.com.ar\/index.php?rest_route=\/wp\/v2\/posts"}],"about":[{"href":"https:\/\/www.visionweb.com.ar\/index.php?rest_route=\/wp\/v2\/types\/post"}],"author":[{"embeddable":true,"href":"https:\/\/www.visionweb.com.ar\/index.php?rest_route=\/wp\/v2\/users\/4"}],"replies":[{"embeddable":true,"href":"https:\/\/www.visionweb.com.ar\/index.php?rest_route=%2Fwp%2Fv2%2Fcomments&post=19030"}],"version-history":[{"count":1,"href":"https:\/\/www.visionweb.com.ar\/index.php?rest_route=\/wp\/v2\/posts\/19030\/revisions"}],"predecessor-version":[{"id":19031,"href":"https:\/\/www.visionweb.com.ar\/index.php?rest_route=\/wp\/v2\/posts\/19030\/revisions\/19031"}],"wp:featuredmedia":[{"embeddable":true,"href":"https:\/\/www.visionweb.com.ar\/index.php?rest_route=\/wp\/v2\/media\/4406"}],"wp:attachment":[{"href":"https:\/\/www.visionweb.com.ar\/index.php?rest_route=%2Fwp%2Fv2%2Fmedia&parent=19030"}],"wp:term":[{"taxonomy":"category","embeddable":true,"href":"https:\/\/www.visionweb.com.ar\/index.php?rest_route=%2Fwp%2Fv2%2Fcategories&post=19030"},{"taxonomy":"post_tag","embeddable":true,"href":"https:\/\/www.visionweb.com.ar\/index.php?rest_route=%2Fwp%2Fv2%2Ftags&post=19030"}],"curies":[{"name":"wp","href":"https:\/\/api.w.org\/{rel}","templated":true}]}}