{"id":19028,"date":"2025-09-10T10:00:57","date_gmt":"2025-09-10T13:00:57","guid":{"rendered":"https:\/\/www.visionweb.com.ar\/?p=19028"},"modified":"2025-09-10T10:00:57","modified_gmt":"2025-09-10T13:00:57","slug":"vialidad-nacional-vuelve-a-recuperar-su-antigua-estructura","status":"publish","type":"post","link":"https:\/\/www.visionweb.com.ar\/?p=19028","title":{"rendered":"Vialidad Nacional vuelve a recuperar su antigua estructura"},"content":{"rendered":"<p><em><strong>El gobierno nombr\u00f3 nuevo titulares tanto en la CNRT como en la ANSV, tras el rechazo del Congreso al cierre.<\/strong><\/em><!--more--><\/p>\n<p><img loading=\"lazy\" decoding=\"async\" class=\"size-medium wp-image-16982 alignright\" src=\"https:\/\/www.visionweb.com.ar\/wp-content\/uploads\/2025\/01\/rutas-corredor-18-300x149.png\" alt=\"\" width=\"300\" height=\"149\" srcset=\"https:\/\/www.visionweb.com.ar\/wp-content\/uploads\/2025\/01\/rutas-corredor-18-300x149.png 300w, https:\/\/www.visionweb.com.ar\/wp-content\/uploads\/2025\/01\/rutas-corredor-18.png 536w\" sizes=\"auto, (max-width: 300px) 100vw, 300px\" \/>El Gobierno design\u00f3 directores de la Comisi\u00f3n Nacional de Regulaci\u00f3n del Transporte (CNRT) y la Agencia Nacional de Seguridad Vial (ANSV), tras el rechazo del Congreso al cierre de los organismos.<\/p>\n<p>La medida formalizada mediante una serie de decretos publicados este mi\u00e9rcoles en el Bolet\u00edn Oficial volvi\u00f3 a poner en funciones a los responsables de la Junta de Seguridad en el Transporte (JST) y la Direcci\u00f3n Nacional de Vialidad (DNV).<\/p>\n<p>De esta manera, por medio del Decreto 638\/2025 se restituy\u00f3 en sus funciones al abogado Federico Suleta al frente de la JST, mientras que a trav\u00e9s del Decreto 639\/2025 el ingeniero Marcelo Campoy fue restablecido en su puesto como titular de la DNV.<\/p>\n<p>Asimismo,\u00a0<strong>nombr\u00f3 nuevos funcionarios para la Comisi\u00f3n Nacional de Regulaci\u00f3n del Transporte (CNRT) y la Agencia Nacional de Seguridad Vial (ANSV).<\/strong><\/p>\n<p>En el caso de la CNRT, el Decreto 640\/2025 nombr\u00f3 como director al arquitecto Carlos Frugoni, en reemplazo del antiguo titular Edgar P\u00e9rez, y el Decreto 641\/2025 asign\u00f3 en la direcci\u00f3n de la ANSV al abogado Nicol\u00e1s Dapena Fern\u00e1ndez para ocupar el lugar que dej\u00f3 Pedro Scarpinelli.<\/p>\n<p><strong>Las designaciones se dan luego de que el Congreso le pusiera un freno al Gobierno, que pretend\u00eda cerrar y reestructurar Vialidad Nacional, junto con las \u00e1reas reguladoras del tr\u00e1nsito y la seguridad vial.<\/strong><\/p>\n<p>Tambi\u00e9n\u00a0<strong>designaron nuevos responsables del Instituto Nacional de Tecnolog\u00eda Industrial ((INTI))y el Instituto Nacional de Propiedad Intelectual (INPI)<\/strong>, luego de que tambi\u00e9n el Congreso rechace los decretos que propon\u00edan su reestructuraci\u00f3n.<\/p>\n<p>Ahora, el Ejecutivo avanza con cambios en la conducci\u00f3n, al nombrar como presidente del Consejo Directivo del INTI al abogado Miguel \u00c1ngel Romero, luego de que se aceptara la renuncia del ingeniero Daniel Omar Horacio Afione, mediante el Decreto 642\/2025.<\/p>\n<p>En el caso del INPI, fue designado para asumir como nuevo titular el abogado Carlos Mar\u00eda Gallo, cargo que comenz\u00f3 a ocupar desde el 3 de septiembre, seg\u00fan lo informado en el mencionado texto oficial<strong>(VW)<\/strong>.<\/p>\n","protected":false},"excerpt":{"rendered":"<p>El gobierno nombr\u00f3 nuevo titulares tanto en la CNRT como en la ANSV, tras el rechazo del Congreso al cierre.<\/p>\n","protected":false},"author":3,"featured_media":16982,"comment_status":"closed","ping_status":"closed","sticky":false,"template":"","format":"standard","meta":{"_monsterinsights_skip_tracking":false,"_monsterinsights_sitenote_active":false,"_monsterinsights_sitenote_note":"","_monsterinsights_sitenote_category":0,"footnotes":""},"categories":[8],"tags":[],"class_list":["post-19028","post","type-post","status-publish","format-standard","has-post-thumbnail","hentry","category-interes-general"],"_links":{"self":[{"href":"https:\/\/www.visionweb.com.ar\/index.php?rest_route=\/wp\/v2\/posts\/19028","targetHints":{"allow":["GET"]}}],"collection":[{"href":"https:\/\/www.visionweb.com.ar\/index.php?rest_route=\/wp\/v2\/posts"}],"about":[{"href":"https:\/\/www.visionweb.com.ar\/index.php?rest_route=\/wp\/v2\/types\/post"}],"author":[{"embeddable":true,"href":"https:\/\/www.visionweb.com.ar\/index.php?rest_route=\/wp\/v2\/users\/3"}],"replies":[{"embeddable":true,"href":"https:\/\/www.visionweb.com.ar\/index.php?rest_route=%2Fwp%2Fv2%2Fcomments&post=19028"}],"version-history":[{"count":1,"href":"https:\/\/www.visionweb.com.ar\/index.php?rest_route=\/wp\/v2\/posts\/19028\/revisions"}],"predecessor-version":[{"id":19029,"href":"https:\/\/www.visionweb.com.ar\/index.php?rest_route=\/wp\/v2\/posts\/19028\/revisions\/19029"}],"wp:featuredmedia":[{"embeddable":true,"href":"https:\/\/www.visionweb.com.ar\/index.php?rest_route=\/wp\/v2\/media\/16982"}],"wp:attachment":[{"href":"https:\/\/www.visionweb.com.ar\/index.php?rest_route=%2Fwp%2Fv2%2Fmedia&parent=19028"}],"wp:term":[{"taxonomy":"category","embeddable":true,"href":"https:\/\/www.visionweb.com.ar\/index.php?rest_route=%2Fwp%2Fv2%2Fcategories&post=19028"},{"taxonomy":"post_tag","embeddable":true,"href":"https:\/\/www.visionweb.com.ar\/index.php?rest_route=%2Fwp%2Fv2%2Ftags&post=19028"}],"curies":[{"name":"wp","href":"https:\/\/api.w.org\/{rel}","templated":true}]}}