{"id":19020,"date":"2025-09-08T12:52:57","date_gmt":"2025-09-08T15:52:57","guid":{"rendered":"https:\/\/www.visionweb.com.ar\/?p=19020"},"modified":"2025-09-08T12:52:57","modified_gmt":"2025-09-08T15:52:57","slug":"triunfo-del-peronismo-en-lanus-decuzzi-se-impuso-en-forma-contundente","status":"publish","type":"post","link":"https:\/\/www.visionweb.com.ar\/?p=19020","title":{"rendered":"Triunfo del peronismo en Lan\u00fas: Decuzzi se impuso en forma contundente"},"content":{"rendered":"<p><em><strong>El oficialismo local gan\u00f3 las elecciones intermedias, ahora ingresar\u00e1n 8 concejales al HCD y alcanzar\u00e1 la mayor\u00eda.\u00a0<\/strong><\/em><!--more--><\/p>\n<p><strong>\u00a0 <img loading=\"lazy\" decoding=\"async\" class=\"size-medium wp-image-19021 alignright\" src=\"https:\/\/www.visionweb.com.ar\/wp-content\/uploads\/2025\/09\/decuzi-y-alvarez-lanus-300x138.png\" alt=\"\" width=\"300\" height=\"138\" srcset=\"https:\/\/www.visionweb.com.ar\/wp-content\/uploads\/2025\/09\/decuzi-y-alvarez-lanus-300x138.png 300w, https:\/\/www.visionweb.com.ar\/wp-content\/uploads\/2025\/09\/decuzi-y-alvarez-lanus.png 755w\" sizes=\"auto, (max-width: 300px) 100vw, 300px\" \/>\u00a0\u00a0\u00a0 E<\/strong>n <strong>Lan\u00fas<\/strong>, la lista del intendente <strong>Juli\u00e1n \u00c1lvarez<\/strong> encabezada por el <strong>secretario de Gobierno, Leandro Decuzzi<\/strong>, se impuso ayer en las elecciones legislativas bonaerenses por amplia mayor\u00eda.<\/p>\n<p>As\u00ed, en la noche del domingo 7, y desde el Ateneo N\u00e9stor Kirchner, el intendente Juli\u00e1n \u00c1lvarez resalt\u00f3: \u00abEl triunfo del peronismo en la Provincia demuestra el profundo rechazo al gobierno de Milei y el apoyo incondicional de un Pueblo a quien nunca lo traicion\u00f3 y por eso est\u00e1 injustamente detenida en San Jos\u00e9 1111. Libertad a Cristina es el grito que se escucha esta noche en toda la provincia de Buenos Aires\u00bb.<\/p>\n<p>\u00abGracias vecinos y vecinas de Lan\u00fas, vamos a seguir trabajando para seguir construyendo la Ciudad que nos merecemos\u00bb, cerr\u00f3 el intendente.<\/p>\n<p>Desde la amplia gesti\u00f3n del intendente Manuel Quindimil que el peronismo no obten\u00eda porcentajes tan altos. Ahora Fuerza <strong>Patria Lan\u00fas obtuvo 49,62 por ciento<\/strong> de los votos y super\u00f3 su propia marca del &#8217;23 de 44 por ciento.<\/p>\n<p>La <strong>LLA<\/strong> sac\u00f3 un 31,78 por ciento por lo que ingresar\u00eda 4 concejales.<\/p>\n<p>El <strong>Frente de Izquierda-Unidad<\/strong> qued\u00f3 tercero con 6,13 por ciento.<\/p>\n<p><strong>Nuevos Aires<\/strong>\u00a0con\u00a0<strong>3,7%<\/strong>, y\u00a0<strong>Somos Buenos Aires<\/strong>\u00a0con\u00a0<strong>2,3%<\/strong>, estos \u00faltimos por debajo del piso necesario para obtener representaci\u00f3n. <strong>(VW)<\/strong><\/p>\n<p>&nbsp;<\/p>\n","protected":false},"excerpt":{"rendered":"<p>El oficialismo local gan\u00f3 las elecciones intermedias, ahora ingresar\u00e1n 8 concejales al HCD y alcanzar\u00e1 la mayor\u00eda.\u00a0<\/p>\n","protected":false},"author":4,"featured_media":19021,"comment_status":"closed","ping_status":"closed","sticky":false,"template":"","format":"standard","meta":{"_monsterinsights_skip_tracking":false,"_monsterinsights_sitenote_active":false,"_monsterinsights_sitenote_note":"","_monsterinsights_sitenote_category":0,"footnotes":""},"categories":[4],"tags":[1522,5342,19,8117,1144],"class_list":["post-19020","post","type-post","status-publish","format-standard","has-post-thumbnail","hentry","category-politica","tag-hcd","tag-julian-alvarez","tag-lanus","tag-leandro-decuzzi","tag-legislativas"],"_links":{"self":[{"href":"https:\/\/www.visionweb.com.ar\/index.php?rest_route=\/wp\/v2\/posts\/19020","targetHints":{"allow":["GET"]}}],"collection":[{"href":"https:\/\/www.visionweb.com.ar\/index.php?rest_route=\/wp\/v2\/posts"}],"about":[{"href":"https:\/\/www.visionweb.com.ar\/index.php?rest_route=\/wp\/v2\/types\/post"}],"author":[{"embeddable":true,"href":"https:\/\/www.visionweb.com.ar\/index.php?rest_route=\/wp\/v2\/users\/4"}],"replies":[{"embeddable":true,"href":"https:\/\/www.visionweb.com.ar\/index.php?rest_route=%2Fwp%2Fv2%2Fcomments&post=19020"}],"version-history":[{"count":1,"href":"https:\/\/www.visionweb.com.ar\/index.php?rest_route=\/wp\/v2\/posts\/19020\/revisions"}],"predecessor-version":[{"id":19022,"href":"https:\/\/www.visionweb.com.ar\/index.php?rest_route=\/wp\/v2\/posts\/19020\/revisions\/19022"}],"wp:featuredmedia":[{"embeddable":true,"href":"https:\/\/www.visionweb.com.ar\/index.php?rest_route=\/wp\/v2\/media\/19021"}],"wp:attachment":[{"href":"https:\/\/www.visionweb.com.ar\/index.php?rest_route=%2Fwp%2Fv2%2Fmedia&parent=19020"}],"wp:term":[{"taxonomy":"category","embeddable":true,"href":"https:\/\/www.visionweb.com.ar\/index.php?rest_route=%2Fwp%2Fv2%2Fcategories&post=19020"},{"taxonomy":"post_tag","embeddable":true,"href":"https:\/\/www.visionweb.com.ar\/index.php?rest_route=%2Fwp%2Fv2%2Ftags&post=19020"}],"curies":[{"name":"wp","href":"https:\/\/api.w.org\/{rel}","templated":true}]}}