{"id":19018,"date":"2025-09-08T12:13:56","date_gmt":"2025-09-08T15:13:56","guid":{"rendered":"https:\/\/www.visionweb.com.ar\/?p=19018"},"modified":"2025-09-08T12:13:56","modified_gmt":"2025-09-08T15:13:56","slug":"las-nuevas-caras-de-la-legislatura-bonaerense","status":"publish","type":"post","link":"https:\/\/www.visionweb.com.ar\/?p=19018","title":{"rendered":"Las nuevas caras de la legislatura bonaerense"},"content":{"rendered":"<p><em><strong>Tras el resultado de las elecciones de este domingo 7 de septiembre, desembarcar\u00e1n en la Legislatura bonaerense el 9 de diciembre 18 diputados de la Tercera Secci\u00f3n electoral.<\/strong><\/em><!--more--><\/p>\n<p><img loading=\"lazy\" decoding=\"async\" class=\"size-medium wp-image-5924 alignleft\" src=\"https:\/\/www.visionweb.com.ar\/wp-content\/uploads\/2022\/06\/CAMARA-DE-DIPUTADOS-BONAERENSE-300x200.png\" alt=\"\" width=\"300\" height=\"200\" srcset=\"https:\/\/www.visionweb.com.ar\/wp-content\/uploads\/2022\/06\/CAMARA-DE-DIPUTADOS-BONAERENSE-300x200.png 300w, https:\/\/www.visionweb.com.ar\/wp-content\/uploads\/2022\/06\/CAMARA-DE-DIPUTADOS-BONAERENSE.png 640w\" sizes=\"auto, (max-width: 300px) 100vw, 300px\" \/>Los diputados electos por Fuerza Patria<strong>\u00a0<\/strong>son Diego Nanni, Evelyn Yanz, Carlos Puglelli, Cintia Romero, la vicegoberandora Ver\u00f3nica Magario, Facundo Tignanelli, Mayra Mendoza (intendenta de Quilmes), Mariano Cascallares (Almirante Brown), Ayelen Rasquetti, Luis Vivona, Mar\u00eda Eva Limone, Jose Galvan, Romina Barreiro, Roberto V\u00e1zquez, Alejandro Dichiara (reelecci\u00f3n), Maite Alvado y Esteban Acerbo.<\/p>\n<p>Por el frente de\u00a0<strong>La Libertad Avanza y el PRO<\/strong>\u00a0entraron Natalia Blanco, Pablo Morillo, Analia Corvino, Alejandro Rabinovich, Maximiliano Bondarenko, Maria Stololano, Luis Ontiveros, Florencia Retamoso, Nahuel Sotelo, Leticia Bontempo, Oscar Liberman, Carla Pannelli, H\u00e9ctor Gay, Mariela Vitale, Gustavo Coria, Francisco Adorni (hermano del vocero presidencial), Julieta Quintero y Juan Osaba.<\/p>\n<p>En tanto,\u00a0<strong>Hechos\u00a0<\/strong>suma Manuel Passaglia, Paula Bustos e Ignacio Mateucci.<\/p>\n<p>Asimismo, el\u00a0<strong>FIT-U<\/strong>\u00a0tendr\u00e1 a Nicol\u00e1s del Ca\u00f1o y M\u00f3nica Scholotthauer.<\/p>\n<p>Por\u00a0<strong>Somos<\/strong>, llegan Andr\u00e9s Leo y Priscila Minnaard.<\/p>\n<p><strong>Senado bonaerense<\/strong><\/p>\n<p>Por\u00a0<strong>Fuerza Patria<\/strong>, asumir\u00e1n una banca en la C\u00e1mara alta bonaerense Gabriel Katopodis (hoy forma parte del Gabinete de Axel Kicillof), Malena Galmarini, Mario Ishii, M\u00f3nica Macha, Fernando Coronel, Diego Videla, Valeria Arata, German Lago, Fernanda Raverta, Jorge Paredi, Mar\u00eda Ines Laurini, Marcos Pisano y Evelyn Diaz.<\/p>\n<p>Por\u00a0<strong>LLA\u00a0<\/strong>ingresan el 9 de diciembre Diego Valenzuela, Mar\u00eda Luz Bambaci, Luciano Olivera, Gonzalo Cabezas, Anal\u00eda Balaudo, Guillermo Montenegro, Cecilia Mart\u00ednez y Matias de Urraza.<\/p>\n<p><strong>Somos\u00a0<\/strong>mete a Pablo Petrecca y a Natalia Quintana <strong>(VW)<\/strong>.<\/p>\n<p>&nbsp;<\/p>\n","protected":false},"excerpt":{"rendered":"<p>Tras el resultado de las elecciones de este domingo 7 de septiembre, desembarcar\u00e1n en la Legislatura bonaerense el 9 de diciembre 18 diputados de la Tercera Secci\u00f3n electoral.<\/p>\n","protected":false},"author":3,"featured_media":5924,"comment_status":"closed","ping_status":"closed","sticky":false,"template":"","format":"standard","meta":{"_monsterinsights_skip_tracking":false,"_monsterinsights_sitenote_active":false,"_monsterinsights_sitenote_note":"","_monsterinsights_sitenote_category":0,"footnotes":""},"categories":[4],"tags":[143,340,1381,4619],"class_list":["post-19018","post","type-post","status-publish","format-standard","has-post-thumbnail","hentry","category-politica","tag-diputados","tag-elecciones","tag-senadores","tag-tercera"],"_links":{"self":[{"href":"https:\/\/www.visionweb.com.ar\/index.php?rest_route=\/wp\/v2\/posts\/19018","targetHints":{"allow":["GET"]}}],"collection":[{"href":"https:\/\/www.visionweb.com.ar\/index.php?rest_route=\/wp\/v2\/posts"}],"about":[{"href":"https:\/\/www.visionweb.com.ar\/index.php?rest_route=\/wp\/v2\/types\/post"}],"author":[{"embeddable":true,"href":"https:\/\/www.visionweb.com.ar\/index.php?rest_route=\/wp\/v2\/users\/3"}],"replies":[{"embeddable":true,"href":"https:\/\/www.visionweb.com.ar\/index.php?rest_route=%2Fwp%2Fv2%2Fcomments&post=19018"}],"version-history":[{"count":1,"href":"https:\/\/www.visionweb.com.ar\/index.php?rest_route=\/wp\/v2\/posts\/19018\/revisions"}],"predecessor-version":[{"id":19019,"href":"https:\/\/www.visionweb.com.ar\/index.php?rest_route=\/wp\/v2\/posts\/19018\/revisions\/19019"}],"wp:featuredmedia":[{"embeddable":true,"href":"https:\/\/www.visionweb.com.ar\/index.php?rest_route=\/wp\/v2\/media\/5924"}],"wp:attachment":[{"href":"https:\/\/www.visionweb.com.ar\/index.php?rest_route=%2Fwp%2Fv2%2Fmedia&parent=19018"}],"wp:term":[{"taxonomy":"category","embeddable":true,"href":"https:\/\/www.visionweb.com.ar\/index.php?rest_route=%2Fwp%2Fv2%2Fcategories&post=19018"},{"taxonomy":"post_tag","embeddable":true,"href":"https:\/\/www.visionweb.com.ar\/index.php?rest_route=%2Fwp%2Fv2%2Ftags&post=19018"}],"curies":[{"name":"wp","href":"https:\/\/api.w.org\/{rel}","templated":true}]}}