{"id":19014,"date":"2025-09-05T10:20:13","date_gmt":"2025-09-05T13:20:13","guid":{"rendered":"https:\/\/www.visionweb.com.ar\/?p=19014"},"modified":"2025-09-05T10:20:13","modified_gmt":"2025-09-05T13:20:13","slug":"una-familia-tipo-necesito-casi-cuatro-salarios-minimos-para-no-caer-en-la-pobreza","status":"publish","type":"post","link":"https:\/\/www.visionweb.com.ar\/?p=19014","title":{"rendered":"Una familia tipo necesit\u00f3 casi cuatro salarios m\u00ednimos para no caer en la pobreza"},"content":{"rendered":"<p><em><strong>Los datos corresponden a un informe de CIFRA, del mes de julio \u00faltimo, donde el salario m\u00ednimo se ubic\u00f3 en los $317.800, y la canasta b\u00e1sica lleg\u00f3 a $1.149.353 para una familia tipo. \u201cLa comparaci\u00f3n entre el salario m\u00ednimo y las l\u00edneas de pobreza y de indigencia revel\u00f3\u00a0una situaci\u00f3n incluso peor que la del a\u00f1o 2001\u201d.<\/strong><\/em><!--more--><\/p>\n<p><img loading=\"lazy\" decoding=\"async\" class=\"size-full wp-image-7465 alignright\" src=\"https:\/\/www.visionweb.com.ar\/wp-content\/uploads\/2022\/09\/billetera-vacia.bmp\" alt=\"\" width=\"591\" height=\"372\" \/>\u00a0\u00a0\u00a0\u00a0 <strong>S<\/strong>eg\u00fan un informe del <strong>Centro de Investigaci\u00f3n y Formaci\u00f3n de la Rep\u00fablica Argentina (CIFRA-CTA)<\/strong>, una familia tipo en la Argentina necesit\u00f3 en el mes de julio,\u00a0<strong>casi cuatro salarios m\u00ednimos para cubrir el costo de la canasta b\u00e1sica y no caer bajo la l\u00ednea de pobreza.<\/strong><\/p>\n<p>El \u00faltimo dato disponible de la <strong>Canasta B\u00e1sica Total (CBT) informado por el INDEC<\/strong>, correspondiente al s\u00e9ptimo mes del a\u00f1o,\u00a0<strong>arroj\u00f3 un valor de $1.149.353 para un hogar de cuatro integrantes<\/strong>, compuesto por un var\u00f3n de 35 a\u00f1os, una mujer de 31 a\u00f1os, un hijo de 6 a\u00f1os y una hija de 8 a\u00f1os.<\/p>\n<p>El\u00a0<strong>Salario M\u00ednimo, Vital y M\u00f3vil (SMVM) de julio se ubic\u00f3 en $317.800,<\/strong>\u00a0por lo que durante dicho mes hicieron falta casi cuatro salarios para hacer frente a la canasta que contempla el consumo mensual de <strong>alimentos m\u00e1s bienes y servicios<\/strong>.<\/p>\n<p>Al analizar el escenario reflejado, desde <strong>CIFRA<\/strong> sostuvieron que \u201cla comparaci\u00f3n entre el salario m\u00ednimo y las l\u00edneas de pobreza y de indigencia revel\u00f3\u00a0<strong>una situaci\u00f3n incluso peor que la del a\u00f1o 2001<\/strong>\u201d.<\/p>\n<p>En ese sentido, cuestionaron la actual gesti\u00f3n, y aseguraron que \u201cla brutal devaluaci\u00f3n que marc\u00f3 el inicio de la pol\u00edtica econ\u00f3mica del gobierno de Milei\u00a0<strong>provoc\u00f3 una p\u00e9rdida de alrededor de 30% en el poder adquisitivo\u00a0<\/strong>del Salario M\u00ednimo Vital y M\u00f3vil\u201d.<\/p>\n<p>En ese marco, el reporte expuso que \u201cla p\u00e9rdida sufrida durante este gobierno se acumula con retrocesos previos, por lo que<strong>\u00a0el salario m\u00ednimo se ubic\u00f3 en agosto de 2025 en un nivel real que resulta 43,4% m\u00e1s bajo que en noviembre de 2019,<\/strong>\u00a0al final del gobierno de Cambiemos y 56,7% menor que noviembre de 2015\u201d.<\/p>\n<p>De acuerdo a los c\u00e1lculos realizados para el estudio, estim\u00f3 que \u201c<strong>si<\/strong> el salario m\u00ednimo <strong>no hubiese perdido poder de adquisitivo <\/strong>a lo largo de\u00a0<strong>esta d\u00e9cada, superar\u00eda actualmente los $740.000\u201d.<\/strong><\/p>\n<p>En este contexto, remarc\u00f3 que \u201cesta fuerte reducci\u00f3n ha\u00a0<strong>debilitado la relaci\u00f3n entre el salario m\u00ednimo y los salarios efectivamente pagados:<\/strong>\u00a0representa en la actualidad menos de una quinta parte del salario promedio de los trabajadores registrados del sector privado\u201d.<strong> (VW)<\/strong><\/p>\n","protected":false},"excerpt":{"rendered":"<p>Los datos corresponden a un informe de CIFRA, del mes de julio \u00faltimo, donde el salario m\u00ednimo se ubic\u00f3 en los $317.800, y la canasta b\u00e1sica lleg\u00f3 a $1.149.353 para una familia tipo. \u201cLa&#46;&#46;&#46;<\/p>\n","protected":false},"author":4,"featured_media":7465,"comment_status":"closed","ping_status":"closed","sticky":false,"template":"","format":"standard","meta":{"_monsterinsights_skip_tracking":false,"_monsterinsights_sitenote_active":false,"_monsterinsights_sitenote_note":"","_monsterinsights_sitenote_category":0,"footnotes":""},"categories":[6,5],"tags":[8114,8116,3363,8115,1926],"class_list":["post-19014","post","type-post","status-publish","format-standard","has-post-thumbnail","hentry","category-economia","category-sociedad","tag-cifra","tag-familia-tipo-julio","tag-informe-pobreza","tag-perdida-poder-adquisitivo","tag-salario-minimo"],"_links":{"self":[{"href":"https:\/\/www.visionweb.com.ar\/index.php?rest_route=\/wp\/v2\/posts\/19014","targetHints":{"allow":["GET"]}}],"collection":[{"href":"https:\/\/www.visionweb.com.ar\/index.php?rest_route=\/wp\/v2\/posts"}],"about":[{"href":"https:\/\/www.visionweb.com.ar\/index.php?rest_route=\/wp\/v2\/types\/post"}],"author":[{"embeddable":true,"href":"https:\/\/www.visionweb.com.ar\/index.php?rest_route=\/wp\/v2\/users\/4"}],"replies":[{"embeddable":true,"href":"https:\/\/www.visionweb.com.ar\/index.php?rest_route=%2Fwp%2Fv2%2Fcomments&post=19014"}],"version-history":[{"count":1,"href":"https:\/\/www.visionweb.com.ar\/index.php?rest_route=\/wp\/v2\/posts\/19014\/revisions"}],"predecessor-version":[{"id":19015,"href":"https:\/\/www.visionweb.com.ar\/index.php?rest_route=\/wp\/v2\/posts\/19014\/revisions\/19015"}],"wp:featuredmedia":[{"embeddable":true,"href":"https:\/\/www.visionweb.com.ar\/index.php?rest_route=\/wp\/v2\/media\/7465"}],"wp:attachment":[{"href":"https:\/\/www.visionweb.com.ar\/index.php?rest_route=%2Fwp%2Fv2%2Fmedia&parent=19014"}],"wp:term":[{"taxonomy":"category","embeddable":true,"href":"https:\/\/www.visionweb.com.ar\/index.php?rest_route=%2Fwp%2Fv2%2Fcategories&post=19014"},{"taxonomy":"post_tag","embeddable":true,"href":"https:\/\/www.visionweb.com.ar\/index.php?rest_route=%2Fwp%2Fv2%2Ftags&post=19014"}],"curies":[{"name":"wp","href":"https:\/\/api.w.org\/{rel}","templated":true}]}}