{"id":18998,"date":"2025-09-03T11:24:13","date_gmt":"2025-09-03T14:24:13","guid":{"rendered":"https:\/\/www.visionweb.com.ar\/?p=18998"},"modified":"2025-09-03T11:24:13","modified_gmt":"2025-09-03T14:24:13","slug":"dia-de-la-industria-industriales-alertaron-por-mas-de-130-mil-despidos-en-un-ano-y-medio","status":"publish","type":"post","link":"https:\/\/www.visionweb.com.ar\/?p=18998","title":{"rendered":"D\u00eda de la Industria: Industriales alertaron por m\u00e1s de 130 mil despidos en un a\u00f1o y medio"},"content":{"rendered":"<p><em><strong>La Confederaci\u00f3n de Sindicatos Industriales alert\u00f3 acerca de la situaci\u00f3n del sector. Calificaron como\u00a0\u201cel momento m\u00e1s cr\u00edtico de las \u00faltimas d\u00e9cadas\u201d\u00a0para la producci\u00f3n nacional.<\/strong><\/em><!--more--><\/p>\n<p><img loading=\"lazy\" decoding=\"async\" class=\"size-medium wp-image-13382 alignleft\" src=\"https:\/\/www.visionweb.com.ar\/wp-content\/uploads\/2024\/01\/industrias-300x263.png\" alt=\"\" width=\"300\" height=\"263\" srcset=\"https:\/\/www.visionweb.com.ar\/wp-content\/uploads\/2024\/01\/industrias-300x263.png 300w, https:\/\/www.visionweb.com.ar\/wp-content\/uploads\/2024\/01\/industrias.png 458w\" sizes=\"auto, (max-width: 300px) 100vw, 300px\" \/>\u00a0\u00a0\u00a0 <strong>L<\/strong>a <strong>Confederaci\u00f3n de Sindicatos Industriales de la Rep\u00fablica Argentina<\/strong> (<strong><a href=\"https:\/\/www.instagram.com\/c.s.i.r.a\/\">CSIRA<\/a><\/strong>) emiti\u00f3 un <strong>comunicado <\/strong>de diez puntos en lo que da cuenta del <strong>crudo panorama que vive el sector<\/strong>, del cual responsabilizaron las pol\u00edticas del presidente Milei.<\/p>\n<p>Fue con motivo del <strong>D\u00eda de la Industria<\/strong>, que se conmemor\u00f3 ayer martes 2 de septiembre, donde los principales sindicatos del sector advirtieron que\u00a0<strong>no hay motivos para festejar<\/strong>\u00a0y reclamaron al Gobierno un\u00a0<strong>cambio de rumbo<\/strong>\u00a0frente a lo que califican como\u00a0<strong>\u201cel momento m\u00e1s cr\u00edtico de las \u00faltimas d\u00e9cadas\u201d<\/strong>\u00a0para la producci\u00f3n nacional.<\/p>\n<p>\u201cLa industria argentina atraviesa el momento m\u00e1s dif\u00edcil de las \u00faltimas d\u00e9cadas. A casi dos a\u00f1os de la asunci\u00f3n del actual gobierno, las pol\u00edticas de <strong>apertura indiscriminada de importaciones, desmantelamiento de pol\u00edticas de incentivo, atraso cambiario, despidos, reducci\u00f3n salarial y tope a las paritarias, golpean duramente <\/strong>a las f\u00e1bricas, a sus trabajadores y desarman la estructura productiva nacional\u201d, se\u00f1alaron desde la\u00a0<strong>CSIRA<\/strong>.<\/p>\n<p>Seg\u00fan los gremios industriales, en 2024 la producci\u00f3n retrocedi\u00f3 un\u00a0<strong>10%<\/strong>\u00a0y 15 de las 16 ramas se contrajeron. El panorama no parece mejorar de cara al 2025 ya que en lo que va del a\u00f1o se acumul\u00f3 una ca\u00edda del\u00a0<strong>1,6%\u00a0<\/strong>respecto al a\u00f1o pasado, producto \u201cde pol\u00edticas que privilegian las finanzas en detrimento del trabajo argentino y de la producci\u00f3n nacional\u201d<\/p>\n<p>Asimismo, la\u00a0<strong>CSIRA\u00a0<\/strong>apunt\u00f3 que desde noviembre de 2023 y mayo de 2025 se perdieron\u00a0<strong>33.183 puestos de trabajo\u00a0<\/strong>en el sector industrial manufacturero y\u00a0<strong>97.130<\/strong>\u00a0en miner\u00eda y construcci\u00f3n, lo que dejan un total de m\u00e1s de<strong>\u00a0130 mil despidos<\/strong>\u00a0en el lapso de un a\u00f1o y medio.<\/p>\n<p>\u201cCada cierre de una planta o l\u00ednea de producci\u00f3n golpea no solo a los trabajadores directos, sino tambi\u00e9n a aquellos sectores complementarios a la industria. Mientras se cierran f\u00e1bricas y se expulsan trabajadores de sectores productivos,\u00a0avanza un modelo que reemplaza empleo de calidad por trabajo inestable y mal pago, profundizando la crisis social y debilitando el tejido productivo nacional\u201d, puntualizaron los sindicalistas industriales.<\/p>\n<p>Asimismo, la\u00a0<strong>CSIRA\u00a0<\/strong>tambi\u00e9n hizo \u00e9nfasis en los salarios, al alegar que tras la devaluaci\u00f3n del 118% dictada en diciembre de 2023 como parte del paquete de primeras medidas de Javier Milei, los sueldos reales se desplomaron hasta ubicarse por debajo de los niveles de hace dos a\u00f1os.<\/p>\n<p>Sobre la industria de la construcci\u00f3n,\u00a0<strong>CSIRA\u00a0<\/strong>asegur\u00f3 que se perdieron 1.482 empresas del sector manufacturero y 1.669 firmas activas. \u201cLos trabajadores industriales son quienes m\u00e1s sufren el abandono por parte del gobierno nacional, sumado esto a la falta de inversi\u00f3n en escuelas, hospitales, rutas, caminos y transporte, dejando de garantizar algo tan b\u00e1sico y fundamental como el tr\u00e1nsito seguro de personas y mercanc\u00edas\u201d, enumeraron.<\/p>\n<p>Tambi\u00e9n, la\u00a0<strong>CSIRA\u00a0<\/strong>mencion\u00f3 que la explotaci\u00f3n minera se encuentra estancada y con n\u00fameros peores a los del 2024, y culp\u00f3 de ello a las pol\u00edticas econ\u00f3micas dictadas por\u00a0<strong>Milei<\/strong>, sobre todo al R\u00e9gimen de Incentivos a las Grandes Inversiones (<strong>RIGI<\/strong>), <strong>que \u201cfavoreci\u00f3 la importaci\u00f3n de insumos y mano de obra por parte de las empresas petroleras y mineras, desalentando as\u00ed el crecimiento de la industria local y la generaci\u00f3n de valor agregado nacional<\/strong>\u201d.<\/p>\n<p>\u201c<strong>La desindustrializaci\u00f3n es pol\u00edtica.<\/strong>\u00a0Mientras el gobierno actu\u00f3 con un enorme activismo para favorecer las importaciones \u2014mediante la reducci\u00f3n de impuestos y la apertura total\u2014, no se implement\u00f3 ninguna medida de alivio fiscal, crediticio o de fomento para la producci\u00f3n local. A la industria nacional no le otorg\u00f3 un solo beneficio. Desmantel\u00f3 todos los mecanismos de apoyo industrial, cient\u00edfico, t\u00e9cnico y financiero\u201d, fustig\u00f3 la\u00a0<strong>CSIRA<\/strong>.<\/p>\n<p>Por caso, los <strong>gremios industriales llamaron a concretar pol\u00edticas para consolidar un cambio de rumbo<\/strong>, al vaticinar que, de no modificarse las medidas actuales del Gobierno, se producir\u00e1n \u201c<strong>m\u00e1s cierres, m\u00e1s despidos y una p\u00e9rdida de capacidades productivas nacionales que costar\u00e1 mucho recuperar<\/strong>\u201d.<\/p>\n<p>\u201cInvitamos al sector empresarial a consolidar juntos un camino en defensa del trabajo que garantice salud y educaci\u00f3n para los trabajadores y la instalaci\u00f3n en la conciencia de la sociedad de que sin industria no es posible alcanzar el desarrollo humano y econ\u00f3mico, ni la paz social\u201d, cerr\u00f3 la\u00a0<strong>CSIRA<\/strong>.<\/p>\n<p>Los puntos m\u00e1s preocupantes del documento \u201cNada que festejar\u201d:<\/p>\n<ul>\n<li>La industria\u00a0<strong>retrocedi\u00f3 10% en 2024<\/strong>, con 15 de las 16 ramas industriales en contracci\u00f3n. Durante el primer semestre de 2025, nueve sectores a\u00fan se mantienen por debajo de los niveles de 2023.<\/li>\n<li>Entre noviembre de 2023 y mayo de 2025,\u00a0<strong>se perdieron 33.183 puestos<\/strong>\u00a0en la industria manufacturera y m\u00e1s de 130.000 en sectores vinculados como miner\u00eda y construcci\u00f3n.<\/li>\n<li>Los salarios industriales reales siguen por\u00a0<strong>debajo de los niveles de noviembre de 2023<\/strong>, tras la devaluaci\u00f3n de diciembre pasado.<\/li>\n<li>Desde fines de 2023,\u00a0<strong>1.482 empresas manufactureras y 1.669 firmas de la construcci\u00f3n cerraron sus puertas<\/strong>.<\/li>\n<li>La\u00a0<strong>dependencia de pol\u00edticas de ajuste condicionadas por el FMI<\/strong>\u00a0profundiza la recesi\u00f3n y limita la soberan\u00eda econ\u00f3mica.<\/li>\n<\/ul>\n<p><strong>Los gremios que firmaron el documento elevado por la Confederaci\u00f3n de Sindicatos Industriales<\/strong><\/p>\n<ul>\n<li>SMATA \u2013 Sindicato de Mec\u00e1nicos y Afines del Transporte Automotor<\/li>\n<li>UOMRA \u2013 Uni\u00f3n Obrera Metal\u00fargica de la Rep\u00fablica Argentina<\/li>\n<li>UOCRA \u2013 Uni\u00f3n Obrera de la Construcci\u00f3n de la Rep\u00fablica Argentina<\/li>\n<li>FOCRA \u2013 Federaci\u00f3n Obrera Ceramista de la Rep\u00fablica Argentina<\/li>\n<li>AOMA \u2013 Asociaci\u00f3n Obrera Minera Argentina<\/li>\n<li>AOTRA \u2013 Asociaci\u00f3n Obrera Textil de la Rep\u00fablica Argentina<\/li>\n<li>ASIMRA \u2013 Asociaci\u00f3n de Supervisores de la Industria Metalmec\u00e1nica de la Rep\u00fablica Argentina<\/li>\n<li>ATILRA \u2013 Asociaci\u00f3n de Trabajadores de la Industria Lechera<\/li>\n<li>ATSA Zona Norte \u2013 Asociaci\u00f3n de Trabajadores de la Sanidad Argentina<\/li>\n<li>F.A.Si.Pe.G y Bio \u2013 Federaci\u00f3n Argentina Sindical de Petr\u00f3leo, Gas y Biocombustibles<\/li>\n<li>FATCA \u2013 Federaci\u00f3n Argentina de Trabajadores Cerveceros y Afines<\/li>\n<li>FESTIQyPR- Federaci\u00f3n de Sindicatos de Trabajadores de Industrias Qu\u00edmicas y Petroqu\u00edmicas<\/li>\n<li>FGB \u2013 Federaci\u00f3n Gr\u00e1fica Bonaerense<\/li>\n<li>FOEIPCyQ \u2013 Federaci\u00f3n de Obreros y Empleados de la Industria del Papel, Cart\u00f3n y Qu\u00edmicos<\/li>\n<li>SAON \u2013 Sindicato Argentino de Obreros Navales y Servicios de la Industria Naval de la Rep\u00fablica Argentina<\/li>\n<li>SEIVARA \u2013 Sindicato de Empleados de la Industria del Vidrio y Afines de la Rep\u00fablica Argentina<\/li>\n<li>SISJAP \u2013 Sindicato de supervisores y Vigilancia de la Industria Jabonera y Perfumista<\/li>\n<li>SOCRA \u2013 Sindicato de Obreros Curtidores de la Rep\u00fablica Argentina<\/li>\n<li>SOEFBA \u2013 Sindicato de Obreros y Empleados del Fibrocemento de la Rep\u00fablica Argentina<\/li>\n<li>SOEIFEPVA \u2013 Sindicato de Obreros y Empleados de la Industria del F\u00f3sforo, Encendido, Pirotecnia, Velas y Afines<\/li>\n<li>SOIVA \u2013 Sindicato Obrero de la Industria del Vidrio y Afines<\/li>\n<li>STIA \u2013 Sindicato de Trabajadores de Industrias de la Alimentaci\u00f3n<\/li>\n<li>SUETRA \u2013 Sindicato \u00danico de Empleados del Tabaco de la Rep\u00fablica Argentina<\/li>\n<li>UCI \u2013 Uni\u00f3n Cortadores de la Indumentaria<\/li>\n<li>UOMA \u2013 Uni\u00f3n Obrera Molinera Argentina<\/li>\n<li>UOLRA \u2013 Uni\u00f3n Obrera Ladrillera de la Rep\u00fablica Argentina<\/li>\n<li>UOYEP \u2013 Uni\u00f3n Obreros y Empleados Pl\u00e1sticos<\/li>\n<li>UTICRA \u2013 Uni\u00f3n de Trabajadores de la Industria del Calzado de la Rep\u00fablica Argentina<\/li>\n<li>SETIA \u2013 Sindicato de Empleados Textiles<\/li>\n<li>UOETSYLRA \u2013 Uni\u00f3n Obrera Empleados Tintoreros, Sombrereros y Lavaderos Rep\u00fablica Argentina<\/li>\n<li>SOEM \u2013 Sindicato de Obreros y Empleados de la Madera<\/li>\n<li>UATRE \u2013 Uni\u00f3n Argentina de Trabajadores Rurales y Estibadores<\/li>\n<li>FGPICyD \u2013 Federaci\u00f3n Gremial del Personal de la Industria de la Carne y sus Derivados<\/li>\n<li>SICONARA \u2013 Sindicato de Conductores Navales de la Rep\u00fablica Argentina<\/li>\n<li>AEFIP \u2013 Asociaci\u00f3n de Empleados Fiscales e Ingresos P\u00fablicos<\/li>\n<li>FTCIODYARA \u2013 Federaci\u00f3n de Trabajadores del Complejo Industrial Oleaginoso, Desmotadores de Algod\u00f3n y Afines de la Rep\u00fablica Argentina<\/li>\n<li>37. STIHMPRA \u2013 Sindicato de Trabajadores de la Industria del Hielo y Mercados Particulares de la Rep\u00fablica Argentina. <strong>(VW)<\/strong><\/li>\n<\/ul>\n","protected":false},"excerpt":{"rendered":"<p>La Confederaci\u00f3n de Sindicatos Industriales alert\u00f3 acerca de la situaci\u00f3n del sector. Calificaron como\u00a0\u201cel momento m\u00e1s cr\u00edtico de las \u00faltimas d\u00e9cadas\u201d\u00a0para la producci\u00f3n nacional.<\/p>\n","protected":false},"author":4,"featured_media":13382,"comment_status":"closed","ping_status":"closed","sticky":false,"template":"","format":"standard","meta":{"_monsterinsights_skip_tracking":false,"_monsterinsights_sitenote_active":false,"_monsterinsights_sitenote_note":"","_monsterinsights_sitenote_category":0,"footnotes":""},"categories":[6,4],"tags":[8103,8105,8104,8102,6033],"class_list":["post-18998","post","type-post","status-publish","format-standard","has-post-thumbnail","hentry","category-economia","category-politica","tag-comunicado-nada-que-festejar","tag-crisis-del-sector","tag-csira","tag-dia-de-la-industria","tag-sindicatos"],"_links":{"self":[{"href":"https:\/\/www.visionweb.com.ar\/index.php?rest_route=\/wp\/v2\/posts\/18998","targetHints":{"allow":["GET"]}}],"collection":[{"href":"https:\/\/www.visionweb.com.ar\/index.php?rest_route=\/wp\/v2\/posts"}],"about":[{"href":"https:\/\/www.visionweb.com.ar\/index.php?rest_route=\/wp\/v2\/types\/post"}],"author":[{"embeddable":true,"href":"https:\/\/www.visionweb.com.ar\/index.php?rest_route=\/wp\/v2\/users\/4"}],"replies":[{"embeddable":true,"href":"https:\/\/www.visionweb.com.ar\/index.php?rest_route=%2Fwp%2Fv2%2Fcomments&post=18998"}],"version-history":[{"count":1,"href":"https:\/\/www.visionweb.com.ar\/index.php?rest_route=\/wp\/v2\/posts\/18998\/revisions"}],"predecessor-version":[{"id":18999,"href":"https:\/\/www.visionweb.com.ar\/index.php?rest_route=\/wp\/v2\/posts\/18998\/revisions\/18999"}],"wp:featuredmedia":[{"embeddable":true,"href":"https:\/\/www.visionweb.com.ar\/index.php?rest_route=\/wp\/v2\/media\/13382"}],"wp:attachment":[{"href":"https:\/\/www.visionweb.com.ar\/index.php?rest_route=%2Fwp%2Fv2%2Fmedia&parent=18998"}],"wp:term":[{"taxonomy":"category","embeddable":true,"href":"https:\/\/www.visionweb.com.ar\/index.php?rest_route=%2Fwp%2Fv2%2Fcategories&post=18998"},{"taxonomy":"post_tag","embeddable":true,"href":"https:\/\/www.visionweb.com.ar\/index.php?rest_route=%2Fwp%2Fv2%2Ftags&post=18998"}],"curies":[{"name":"wp","href":"https:\/\/api.w.org\/{rel}","templated":true}]}}