{"id":18994,"date":"2025-09-03T10:19:38","date_gmt":"2025-09-03T13:19:38","guid":{"rendered":"https:\/\/www.visionweb.com.ar\/?p=18994"},"modified":"2025-09-03T10:19:38","modified_gmt":"2025-09-03T13:19:38","slug":"los-organismos-autarquicos-recuperan-su-autonomia","status":"publish","type":"post","link":"https:\/\/www.visionweb.com.ar\/?p=18994","title":{"rendered":"Los organismos aut\u00e1rquicos recuperan su autonom\u00eda"},"content":{"rendered":"<p><em><strong>Las resoluciones publicadas en el Bolet\u00edn Oficial fueron dictadas para evitar un vac\u00edo legal, ya que el rechazo del Congreso no reactiva autom\u00e1ticamente las normas anteriores.<\/strong><\/em><!--more--><\/p>\n<p><img loading=\"lazy\" decoding=\"async\" class=\"size-medium wp-image-16547 alignleft\" src=\"https:\/\/www.visionweb.com.ar\/wp-content\/uploads\/2024\/11\/CERNTRO-REGIONAL-INTA-MISIONES-300x200.png\" alt=\"\" width=\"300\" height=\"200\" srcset=\"https:\/\/www.visionweb.com.ar\/wp-content\/uploads\/2024\/11\/CERNTRO-REGIONAL-INTA-MISIONES-300x200.png 300w, https:\/\/www.visionweb.com.ar\/wp-content\/uploads\/2024\/11\/CERNTRO-REGIONAL-INTA-MISIONES.png 634w\" sizes=\"auto, (max-width: 300px) 100vw, 300px\" \/>El Gobierno nacional restableci\u00f3 este mi\u00e9rcoles la vigencia de un conjunto de disposiciones que hab\u00edan sido derogadas, reemplazadas o modificadas a trav\u00e9s de cinco Decretos de Necesidad y Urgencia (DNU) firmados por el presidente Javier Milei.<\/p>\n<article class=\"article-body article-body--second-paragraph\">Estas medidas hab\u00edan sido dictadas en el marco de las facultades delegadas que diputados y senadores le concedieron mediante la Ley Bases, pero que posteriormente fueron rechazadas por el propio Congreso a mediados de agosto.<\/p>\n<\/article>\n<article class=\"article-body article-body--second-paragraph\">Las resoluciones publicadas en el Bolet\u00edn Oficial fueron dictadas para evitar un vac\u00edo legal, ya que el rechazo del Congreso no reactiva autom\u00e1ticamente las normas anteriores. Por eso, el Ejecutivo decidi\u00f3 restablecerlas formalmente.<\/p>\n<\/article>\n<article class=\"article-body article-body--second-paragraph\">Las normas que vuelven a estar vigentes son aquellas que hab\u00edan sido modificadas por los d<strong>ecretos 462\/25, 345\/25, 351\/25, 340\/25 y 461\/25<\/strong>. Estas medidas introduc\u00edan reformas estructurales en organismos como\u00a0<a class=\"agrupador\" href=\"https:\/\/dib.com.ar\/tag\/vialidad-nacional\" rel=\"128\">Vialidad Nacional<\/a>,<strong> el Instituto Nacional de Tecnolog\u00eda Industrial (INTI) y el Instituto Nacional de Tecnolog\u00eda Agropecuaria (INTA), adem\u00e1s de cambios en el r\u00e9gimen laboral de la Marina Mercante que implicaban restricciones al derecho a huelga.<\/strong><\/p>\n<p>El\u00a0<strong>Decreto 628\/2025<\/strong>\u00a0restituye las disposiciones normativas que\u00a0<a title=\"La Justicia laboral declar\u00f3 inconstitucional el decreto que limita el derecho a huelga\" href=\"https:\/\/dib.com.ar\/2025\/06\/la-justicia-laboral-declaro-inconstitucional-el-decreto-que-limita-el-derecho-a-huelga\" target=\"_blank\" rel=\"follow noopener\">hab\u00edan sido afectadas por el Decreto 340\/2025<\/a>. Con el argumento de impulsar su competitividad y desarrollo, la medida de l20 de mayo impon\u00eda un nuevo marco regulatorio para la Marina Mercante Nacional.<\/p>\n<p>El Juzgado Federal en lo Civil, Comercial y Contencioso Administrativo N\u00b02 de San Mart\u00edn hab\u00eda orden\u00f3 al Gobierno a dar marcha atr\u00e1s con el pase a disponibilidad a 300 trabajadores del Instituto Nacional de Tecnolog\u00eda Agropecuaria (INTA). Adem\u00e1s advirti\u00f3 que si no cumple la medida cautelar, el Poder Ejecutivo tendr\u00e1 que pagar una multa diaria de $10.000.000.<\/p>\n<\/article>\n<article class=\"article-body article-body--third-paragraph\">Entre las reformas estaba la aprobaci\u00f3n del R\u00e9gimen de Excepci\u00f3n de la Marina Mercante, con cambios en los permisos que deb\u00edan solicitar los armadores de buques, la modificaci\u00f3n de la Ley de la Navegaci\u00f3n N\u00b0 20.094 y flexibilizaciones para el servicio de cabotaje por parte de barcos de bandera extranjera.<\/p>\n<p>Tambi\u00e9n se declaraba<strong>\u00a0servicio esencial a la navegaci\u00f3n<\/strong>\u00a0por agua mar\u00edtima y\/o fluvial destinada al transporte comercial, de personas, mercader\u00edas, carga, servicios conexos y operaciones costa afuera. En caso de conflictos colectivos que afectaran a estos servicios esenciales, se garantizaba\u00a0<strong>una cobertura m\u00ednima del 75% de la prestaci\u00f3n normal del servicio<\/strong>. La Justicia hab\u00eda declarado inv\u00e1lidos los art\u00edculos 2 y 3 de ese decreto.<\/p>\n<h4>Vialidad Nacional y el INTI<\/h4>\n<p>En paralelo, el\u00a0<strong>Decreto 627\/2025<\/strong>\u00a0de este mi\u00e9rcoles tambi\u00e9n restituy\u00f3 la plena vigencia de las disposiciones normativas que fueron derogadas, sustituidas o modificadas por los<strong>\u00a0decretos 461\/25, 462\/25, 345\/25 y 351\/25<\/strong>.<\/p>\n<p>En espec\u00edfico, el decreto 461\/2025 dispuso, entre otras cosas, disolver la Agencia Nacional de Seguridad Vial (ANSV), la Direcci\u00f3n Nacional de Vialidad (DNV) y la Comisi\u00f3n Nacional del Tr\u00e1nsito y la Seguridad Vial.<\/p>\n<p>El 462\/2025, en tanto, establec\u00eda que el Instituto Nacional de Vitivinicultura (INV) y el Instituto Nacional de Tecnolog\u00eda Industrial (INTI) se convirtieran en unidades organizativas dependientes de la Agricultura y de Industria y Comercio, respectivamente, manteniendo sus nombres, pero cambiando sus funciones.<\/p>\n<p>Por su lado, el Decreto 345\/25 dispuso la fusi\u00f3n del Instituto Nacional Yrigoyeneano y del Instituto Nacional de Investigaciones Hist\u00f3ricas Juan Manuel de Rosas. Ambos institutos, creados por leyes y decretos previos, se integraron para formar una \u00fanica unidad organizativa.<\/p>\n<p>El Decreto 351\/25 orden\u00f3 la transformaci\u00f3n del Banco Nacional de Datos Gen\u00e9ticos (BNDG), de un organismo descentralizado a un organismo desconcentrado. Hab\u00eda pasado a depender directamente de la Secretar\u00eda de Innovaci\u00f3n, Ciencia y Tecnolog\u00eda de la Jefatura de Gabinete de Ministros.<strong>(VW)<\/strong><\/p>\n<\/article>\n","protected":false},"excerpt":{"rendered":"<p>Las resoluciones publicadas en el Bolet\u00edn Oficial fueron dictadas para evitar un vac\u00edo legal, ya que el rechazo del Congreso no reactiva autom\u00e1ticamente las normas anteriores.<\/p>\n","protected":false},"author":3,"featured_media":16547,"comment_status":"closed","ping_status":"closed","sticky":false,"template":"","format":"standard","meta":{"_monsterinsights_skip_tracking":false,"_monsterinsights_sitenote_active":false,"_monsterinsights_sitenote_note":"","_monsterinsights_sitenote_category":0,"footnotes":""},"categories":[8],"tags":[8099,3158,1042],"class_list":["post-18994","post","type-post","status-publish","format-standard","has-post-thumbnail","hentry","category-interes-general","tag-initi","tag-inta","tag-vialidad"],"_links":{"self":[{"href":"https:\/\/www.visionweb.com.ar\/index.php?rest_route=\/wp\/v2\/posts\/18994","targetHints":{"allow":["GET"]}}],"collection":[{"href":"https:\/\/www.visionweb.com.ar\/index.php?rest_route=\/wp\/v2\/posts"}],"about":[{"href":"https:\/\/www.visionweb.com.ar\/index.php?rest_route=\/wp\/v2\/types\/post"}],"author":[{"embeddable":true,"href":"https:\/\/www.visionweb.com.ar\/index.php?rest_route=\/wp\/v2\/users\/3"}],"replies":[{"embeddable":true,"href":"https:\/\/www.visionweb.com.ar\/index.php?rest_route=%2Fwp%2Fv2%2Fcomments&post=18994"}],"version-history":[{"count":1,"href":"https:\/\/www.visionweb.com.ar\/index.php?rest_route=\/wp\/v2\/posts\/18994\/revisions"}],"predecessor-version":[{"id":18995,"href":"https:\/\/www.visionweb.com.ar\/index.php?rest_route=\/wp\/v2\/posts\/18994\/revisions\/18995"}],"wp:featuredmedia":[{"embeddable":true,"href":"https:\/\/www.visionweb.com.ar\/index.php?rest_route=\/wp\/v2\/media\/16547"}],"wp:attachment":[{"href":"https:\/\/www.visionweb.com.ar\/index.php?rest_route=%2Fwp%2Fv2%2Fmedia&parent=18994"}],"wp:term":[{"taxonomy":"category","embeddable":true,"href":"https:\/\/www.visionweb.com.ar\/index.php?rest_route=%2Fwp%2Fv2%2Fcategories&post=18994"},{"taxonomy":"post_tag","embeddable":true,"href":"https:\/\/www.visionweb.com.ar\/index.php?rest_route=%2Fwp%2Fv2%2Ftags&post=18994"}],"curies":[{"name":"wp","href":"https:\/\/api.w.org\/{rel}","templated":true}]}}