{"id":18991,"date":"2025-09-02T11:52:46","date_gmt":"2025-09-02T14:52:46","guid":{"rendered":"https:\/\/www.visionweb.com.ar\/?p=18991"},"modified":"2025-09-02T12:00:34","modified_gmt":"2025-09-02T15:00:34","slug":"panaderias-mas-de-600-locales-cerrados-y-drastica-caida-del-consumo","status":"publish","type":"post","link":"https:\/\/www.visionweb.com.ar\/?p=18991","title":{"rendered":"Panader\u00edas: M\u00e1s de 600 locales cerrados y dr\u00e1stica ca\u00edda del consumo"},"content":{"rendered":"<p><em><strong>Desde que asumi\u00f3 Javier Milei, muchas panader\u00edas debieron bajar sus persianas. La capacidad operativa en la actualidad est\u00e1 al 60%.<\/strong><\/em><!--more--><\/p>\n<p><img loading=\"lazy\" decoding=\"async\" class=\"size-medium wp-image-7963 alignright\" src=\"https:\/\/www.visionweb.com.ar\/wp-content\/uploads\/2022\/10\/PAN-300x158.png\" alt=\"\" width=\"300\" height=\"158\" srcset=\"https:\/\/www.visionweb.com.ar\/wp-content\/uploads\/2022\/10\/PAN-300x158.png 300w, https:\/\/www.visionweb.com.ar\/wp-content\/uploads\/2022\/10\/PAN.png 640w\" sizes=\"auto, (max-width: 300px) 100vw, 300px\" \/>Las tradicionales panader\u00edas de barrio atraviesan una ca\u00edda en el consumo y una crisis que lleva al sector a una encerrona compleja de cara al futuro. Solo en la provincia de Buenos Aires cerraron unos 620 locales desde que asumi\u00f3 Javier Milei.<\/p>\n<p>As\u00ed lo indican los n\u00fameros de la C\u00e1mara de Industriales Panaderos (CIPAN), que marcan que m\u00e1s de 1700 panader\u00eda bajaron las persianas en todo el pa\u00eds, un tercio en el territorio bonaerense. Eso como consecuencia de la ca\u00edda del consumo de pan a la mitad del que hab\u00eda en 2023 y con una capacidad operativa al 60% en la actualidad.<\/p>\n<p>En ese sentido, el presidente del Centro de Panaderos de Merlo y uno de los principales referentes de la CIPAN, Mart\u00edn Pinto, indic\u00f3 que la situaci\u00f3n actual obliga a la industria panadera a \u201coperar muy por debajo de su capacidad instalada\u201d. Por ello la producci\u00f3n de productos panificados se redujo a la mitad, lo que hace muy complejo sobrevivir.<\/p>\n<p>\u201cEl consumo de pan, un alimento b\u00e1sico y de primera necesidad en la mesa de las familias argentinas, cay\u00f3 un 50% en el \u00faltimo a\u00f1o y medio\u201d, detall\u00f3 el dirigente. Es decir, desde que Milei lleg\u00f3 al poder en diciembre de 2023.<\/p>\n<p>En cuanto a otros productos tradicionales para la gastronom\u00eda argentina, como son las facturas, la situaci\u00f3n tambi\u00e9n se agrav\u00f3 mucho m\u00e1s, seg\u00fan Pinto \u201cSe venden un 85% menos. Ya ni siquiera se venden las facturas del d\u00eda anterior, con un 50% de descuento\u00bb.<\/p>\n<p>En cuanto a los precios, el kilo de pan se encuentra por encima de los $3000 promedio, mientras que la docena de facturas parten de los $9000, aunque se esperan aumentos en los pr\u00f3ximos meses. Es que otra vez los costos, que en dos a\u00f1os subieron hasta un 2000%, volvieron a pegar un salto y eso impactar\u00e1 en el kilo de pan. (<strong>VW)<\/strong><\/p>\n","protected":false},"excerpt":{"rendered":"<p>Desde que asumi\u00f3 Javier Milei, muchas panader\u00edas debieron bajar sus persianas. La capacidad operativa en la actualidad est\u00e1 al 60%.<\/p>\n","protected":false},"author":3,"featured_media":5037,"comment_status":"closed","ping_status":"closed","sticky":false,"template":"","format":"standard","meta":{"_monsterinsights_skip_tracking":false,"_monsterinsights_sitenote_active":false,"_monsterinsights_sitenote_note":"","_monsterinsights_sitenote_category":0,"footnotes":""},"categories":[8],"tags":[3551,714,5350,509],"class_list":["post-18991","post","type-post","status-publish","format-standard","has-post-thumbnail","hentry","category-interes-general","tag-caida","tag-cierre","tag-locales","tag-pan"],"_links":{"self":[{"href":"https:\/\/www.visionweb.com.ar\/index.php?rest_route=\/wp\/v2\/posts\/18991","targetHints":{"allow":["GET"]}}],"collection":[{"href":"https:\/\/www.visionweb.com.ar\/index.php?rest_route=\/wp\/v2\/posts"}],"about":[{"href":"https:\/\/www.visionweb.com.ar\/index.php?rest_route=\/wp\/v2\/types\/post"}],"author":[{"embeddable":true,"href":"https:\/\/www.visionweb.com.ar\/index.php?rest_route=\/wp\/v2\/users\/3"}],"replies":[{"embeddable":true,"href":"https:\/\/www.visionweb.com.ar\/index.php?rest_route=%2Fwp%2Fv2%2Fcomments&post=18991"}],"version-history":[{"count":1,"href":"https:\/\/www.visionweb.com.ar\/index.php?rest_route=\/wp\/v2\/posts\/18991\/revisions"}],"predecessor-version":[{"id":18992,"href":"https:\/\/www.visionweb.com.ar\/index.php?rest_route=\/wp\/v2\/posts\/18991\/revisions\/18992"}],"wp:featuredmedia":[{"embeddable":true,"href":"https:\/\/www.visionweb.com.ar\/index.php?rest_route=\/wp\/v2\/media\/5037"}],"wp:attachment":[{"href":"https:\/\/www.visionweb.com.ar\/index.php?rest_route=%2Fwp%2Fv2%2Fmedia&parent=18991"}],"wp:term":[{"taxonomy":"category","embeddable":true,"href":"https:\/\/www.visionweb.com.ar\/index.php?rest_route=%2Fwp%2Fv2%2Fcategories&post=18991"},{"taxonomy":"post_tag","embeddable":true,"href":"https:\/\/www.visionweb.com.ar\/index.php?rest_route=%2Fwp%2Fv2%2Ftags&post=18991"}],"curies":[{"name":"wp","href":"https:\/\/api.w.org\/{rel}","templated":true}]}}