{"id":18987,"date":"2025-09-02T08:00:02","date_gmt":"2025-09-02T11:00:02","guid":{"rendered":"https:\/\/www.visionweb.com.ar\/?p=18987"},"modified":"2025-09-01T19:59:49","modified_gmt":"2025-09-01T22:59:49","slug":"radicales-bonaerenses-quieren-bloquear-las-granjas-de-trolls-del-oficialismo","status":"publish","type":"post","link":"https:\/\/www.visionweb.com.ar\/?p=18987","title":{"rendered":"Radicales bonaerenses quieren bloquear las granjas de trolls del oficialismo"},"content":{"rendered":"<p><strong><em>Lo recaudado en concepto de sanciones ser\u00e1 destinado a un fondo especial del Ministerio de Justicia y Derechos Humanos bonaerense.<\/em><\/strong><!--more--><\/p>\n<p><img loading=\"lazy\" decoding=\"async\" class=\"size-full wp-image-5520 alignright\" src=\"https:\/\/www.visionweb.com.ar\/wp-content\/uploads\/2022\/05\/alejandra-lorden-diputada.bmp\" alt=\"\" width=\"458\" height=\"430\" \/>La diputada bonaerense de la UCR, Alejandra Lord\u00e9n, present\u00f3 un proyecto de ley para prohibir y sancionar el funcionamiento de las denominadas \u201cgranjas de trolls\u201d en la provincia de Buenos Aires, cuando su uso sea ileg\u00edtimo.<\/p>\n<p>La iniciativa<strong>\u00a0busca frenar la manipulaci\u00f3n digital, la desinformaci\u00f3n y las pr\u00e1cticas que alteran el debate p\u00fablico, especialmente en contextos electorales.<\/strong><\/p>\n<p>Seg\u00fan el texto, se considera \u201cbot\u201d a todo sistema automatizado que simula comportamiento humano en redes sociales para amplificar contenidos o influir en la opini\u00f3n p\u00fablica.<\/p>\n<p>El proyecto apunta a\u00a0<strong>penalizar el uso coordinado de estas cuentas para difundir noticias falsas, alterar m\u00e9tricas digitales o simular apoyos<\/strong>\u00a0sociales, pol\u00edticos o comerciales.<\/p>\n<p>Adem\u00e1s, la propuesta contempla\u00a0<strong>sanciones para quienes violen la privacidad de terceros, suplanten identidades o intenten interferir en procesos democr\u00e1ticos.<\/strong><\/p>\n<p>Las multas no tendr\u00e1n tope m\u00e1ximo y partir\u00e1n desde 50 Unidades Fijas (UF) para personas f\u00edsicas y 500 UF para personas jur\u00eddicas, dependiendo de la gravedad del hecho, la intencionalidad y la reincidencia.<\/p>\n<p>Entre las penas accesorias, se\u00a0<strong>prev\u00e9 la inhabilitaci\u00f3n por al menos cuatro a\u00f1os para funcionarios p\u00fablicos involucrados<\/strong>, y la suspensi\u00f3n o cancelaci\u00f3n de habilitaciones para empresas, incluyendo la prohibici\u00f3n de contratar con el Estado provincial.<\/p>\n<p>Lo recaudado en concepto de sanciones ser\u00e1 destinado a un fondo especial del Ministerio de Justicia y Derechos Humanos bonaerense, con el fin de impulsar pol\u00edticas de alfabetizaci\u00f3n digital, fiscalizaci\u00f3n y prevenci\u00f3n de estas pr\u00e1cticas.<\/p>\n<p>Para Lord\u00e9n, el fen\u00f3meno de las granjas de trolls representa \u201cuna amenaza creciente\u201d que erosiona la confianza en las instituciones y pone en riesgo el normal desarrollo de los procesos electorales. Por eso, considera urgente avanzar con un marco legal que enfrente esta problem\u00e1tica con herramientas concretas (VW).<\/p>\n","protected":false},"excerpt":{"rendered":"<p>Lo recaudado en concepto de sanciones ser\u00e1 destinado a un fondo especial del Ministerio de Justicia y Derechos Humanos bonaerense.<\/p>\n","protected":false},"author":3,"featured_media":5520,"comment_status":"closed","ping_status":"closed","sticky":false,"template":"","format":"standard","meta":{"_monsterinsights_skip_tracking":false,"_monsterinsights_sitenote_active":false,"_monsterinsights_sitenote_note":"","_monsterinsights_sitenote_category":0,"footnotes":""},"categories":[4],"tags":[8097,3434,1265,8096],"class_list":["post-18987","post","type-post","status-publish","format-standard","has-post-thumbnail","hentry","category-politica","tag-granjas","tag-lorden","tag-sanciones","tag-trolls"],"_links":{"self":[{"href":"https:\/\/www.visionweb.com.ar\/index.php?rest_route=\/wp\/v2\/posts\/18987","targetHints":{"allow":["GET"]}}],"collection":[{"href":"https:\/\/www.visionweb.com.ar\/index.php?rest_route=\/wp\/v2\/posts"}],"about":[{"href":"https:\/\/www.visionweb.com.ar\/index.php?rest_route=\/wp\/v2\/types\/post"}],"author":[{"embeddable":true,"href":"https:\/\/www.visionweb.com.ar\/index.php?rest_route=\/wp\/v2\/users\/3"}],"replies":[{"embeddable":true,"href":"https:\/\/www.visionweb.com.ar\/index.php?rest_route=%2Fwp%2Fv2%2Fcomments&post=18987"}],"version-history":[{"count":1,"href":"https:\/\/www.visionweb.com.ar\/index.php?rest_route=\/wp\/v2\/posts\/18987\/revisions"}],"predecessor-version":[{"id":18988,"href":"https:\/\/www.visionweb.com.ar\/index.php?rest_route=\/wp\/v2\/posts\/18987\/revisions\/18988"}],"wp:featuredmedia":[{"embeddable":true,"href":"https:\/\/www.visionweb.com.ar\/index.php?rest_route=\/wp\/v2\/media\/5520"}],"wp:attachment":[{"href":"https:\/\/www.visionweb.com.ar\/index.php?rest_route=%2Fwp%2Fv2%2Fmedia&parent=18987"}],"wp:term":[{"taxonomy":"category","embeddable":true,"href":"https:\/\/www.visionweb.com.ar\/index.php?rest_route=%2Fwp%2Fv2%2Fcategories&post=18987"},{"taxonomy":"post_tag","embeddable":true,"href":"https:\/\/www.visionweb.com.ar\/index.php?rest_route=%2Fwp%2Fv2%2Ftags&post=18987"}],"curies":[{"name":"wp","href":"https:\/\/api.w.org\/{rel}","templated":true}]}}