{"id":18982,"date":"2025-09-01T19:41:30","date_gmt":"2025-09-01T22:41:30","guid":{"rendered":"https:\/\/www.visionweb.com.ar\/?p=18982"},"modified":"2025-09-01T19:41:30","modified_gmt":"2025-09-01T22:41:30","slug":"sabores-bonaerenses-una-forma-de-acompanar-a-los-productores-de-la-provincia","status":"publish","type":"post","link":"https:\/\/www.visionweb.com.ar\/?p=18982","title":{"rendered":"Sabores bonaerenses: Una forma de acompa\u00f1ar a los productores de la Provincia"},"content":{"rendered":"<p><em><strong>En Berazateguir as\u00ed lo afirm\u00f3 el ministro de Desarrollo Agrario, Javier Rodr\u00edguez al encabezar la recorrida de la Posta de Sabores en Berazategui, que combin\u00f3 espect\u00e1culos en vivo, cocina abierta y degustaciones con el sello de la producci\u00f3n bonaerense.<\/strong><\/em><!--more--><\/p>\n<p><img loading=\"lazy\" decoding=\"async\" class=\"size-medium wp-image-18983 alignright\" src=\"https:\/\/www.visionweb.com.ar\/wp-content\/uploads\/2025\/09\/SABORES-UNO-300x200.jpg\" alt=\"\" width=\"300\" height=\"200\" srcset=\"https:\/\/www.visionweb.com.ar\/wp-content\/uploads\/2025\/09\/SABORES-UNO-300x200.jpg 300w, https:\/\/www.visionweb.com.ar\/wp-content\/uploads\/2025\/09\/SABORES-UNO.jpg 640w\" sizes=\"auto, (max-width: 300px) 100vw, 300px\" \/>El Centro Municipal de Actividades Roberto de Vicenzo de Berazategui fue sede de la 7\u00aa edici\u00f3n de Sabores Bonaerenses, en su formato de Posta de Sabores, que se desarroll\u00f3 en forma simult\u00e1nea con la tradicional Expo Bera.,que se concret\u00f3<\/p>\n<p>En esta oportunidad, participaron m\u00e1s de 50 productores de alimentos, de los cuales 10 pertenecen a Berazategui y el resto a municipios de la regi\u00f3n. Adem\u00e1s, la feria cont\u00f3 con la presencia de artesanos locales que tambi\u00e9n tuvieron su espacio para mostrar y comercializar sus creaciones.<\/p>\n<p>El ministro de Desarrollo Agrario bonaerense, Javier Rodr\u00edguez, resalt\u00f3 la importancia del evento al afirmar: <em>\u201cSabores Bonaerenses es mucho m\u00e1s que una feria: es una decisi\u00f3n pol\u00edtica de acompa\u00f1ar a las productoras y los productores de toda la provincia, generando un espacio donde puedan mostrar su trabajo, comercializar de manera directa y garantizar alimentos de calidad a precios justos para las familias\u00bb. <\/em><\/p>\n<p>Al mismo tiempo, \u00ab<em>esta iniciativa refleja la enorme diversidad gastron\u00f3mica bonaerense y fortalece nuestras econom\u00edas regionales, que son parte esencial de la identidad productiva de la Provincia<\/em>\u201d.<\/p>\n<p>La jornada cont\u00f3 con una programaci\u00f3n variada que incluy\u00f3 la presentaci\u00f3n del Ballet Folcl\u00f3rico \u201cAbriendo Tranqueras\u201d, espect\u00e1culos de cocina en vivo a cargo de Facu Pomponio (MICHELE Pizza e Amore), Mica y Lucio (Delta Culsiniere) y Nancy Gon (Mam\u00e1 Mellis Cocina), adem\u00e1s de un cierre musical con Lobito Corpacci. Tambi\u00e9n hubo un espacio l\u00fadico para ni\u00f1os y ni\u00f1as, degustaciones y la transmisi\u00f3n del programa Somos Bonaerenses, consolidando la feria como un punto de encuentro entre producci\u00f3n, cultura y comunidad.<\/p>\n<p>Sabores Bonaerenses se desarrolla desde 2023 y, en sus primeras ediciones, convoc\u00f3 a m\u00e1s de 150 productores en cada encuentro. En diciembre de 2024, se llev\u00f3 a cabo la 5\u00aa edici\u00f3n en La Plata, con gran convocatoria. Posteriormente, la 6\u00aa edici\u00f3n en Chascom\u00fas, realizada el 15 y 16 de agosto de 2025 en la Estaci\u00f3n Hidrobiol\u00f3gica, reuni\u00f3 a m\u00e1s de 110 productores de 50 municipios.<\/p>\n<p>En total, casi mil productores ya formaron parte de Sabores Bonaerenses y m\u00e1s de 150 mil personas visitaron la feria en sus distintas ediciones<strong>(VW)<\/strong><\/p>\n","protected":false},"excerpt":{"rendered":"<p>En Berazateguir as\u00ed lo afirm\u00f3 el ministro de Desarrollo Agrario, Javier Rodr\u00edguez al encabezar la recorrida de la Posta de Sabores en Berazategui, que combin\u00f3 espect\u00e1culos en vivo, cocina abierta y degustaciones con el&#46;&#46;&#46;<\/p>\n","protected":false},"author":3,"featured_media":18983,"comment_status":"closed","ping_status":"closed","sticky":false,"template":"","format":"standard","meta":{"_monsterinsights_skip_tracking":false,"_monsterinsights_sitenote_active":false,"_monsterinsights_sitenote_note":"","_monsterinsights_sitenote_category":0,"footnotes":""},"categories":[8],"tags":[8095,3889,2579,4630],"class_list":["post-18982","post","type-post","status-publish","format-standard","has-post-thumbnail","hentry","category-interes-general","tag-artesanal","tag-berazategui","tag-feria","tag-sabores"],"_links":{"self":[{"href":"https:\/\/www.visionweb.com.ar\/index.php?rest_route=\/wp\/v2\/posts\/18982","targetHints":{"allow":["GET"]}}],"collection":[{"href":"https:\/\/www.visionweb.com.ar\/index.php?rest_route=\/wp\/v2\/posts"}],"about":[{"href":"https:\/\/www.visionweb.com.ar\/index.php?rest_route=\/wp\/v2\/types\/post"}],"author":[{"embeddable":true,"href":"https:\/\/www.visionweb.com.ar\/index.php?rest_route=\/wp\/v2\/users\/3"}],"replies":[{"embeddable":true,"href":"https:\/\/www.visionweb.com.ar\/index.php?rest_route=%2Fwp%2Fv2%2Fcomments&post=18982"}],"version-history":[{"count":1,"href":"https:\/\/www.visionweb.com.ar\/index.php?rest_route=\/wp\/v2\/posts\/18982\/revisions"}],"predecessor-version":[{"id":18984,"href":"https:\/\/www.visionweb.com.ar\/index.php?rest_route=\/wp\/v2\/posts\/18982\/revisions\/18984"}],"wp:featuredmedia":[{"embeddable":true,"href":"https:\/\/www.visionweb.com.ar\/index.php?rest_route=\/wp\/v2\/media\/18983"}],"wp:attachment":[{"href":"https:\/\/www.visionweb.com.ar\/index.php?rest_route=%2Fwp%2Fv2%2Fmedia&parent=18982"}],"wp:term":[{"taxonomy":"category","embeddable":true,"href":"https:\/\/www.visionweb.com.ar\/index.php?rest_route=%2Fwp%2Fv2%2Fcategories&post=18982"},{"taxonomy":"post_tag","embeddable":true,"href":"https:\/\/www.visionweb.com.ar\/index.php?rest_route=%2Fwp%2Fv2%2Ftags&post=18982"}],"curies":[{"name":"wp","href":"https:\/\/api.w.org\/{rel}","templated":true}]}}