{"id":18975,"date":"2025-09-01T13:35:32","date_gmt":"2025-09-01T16:35:32","guid":{"rendered":"https:\/\/www.visionweb.com.ar\/?p=18975"},"modified":"2025-09-01T13:35:32","modified_gmt":"2025-09-01T16:35:32","slug":"diputada-del-radicalismo-alerto-por-la-crisis-productiva-en-la-provincia-de-buenos-aires","status":"publish","type":"post","link":"https:\/\/www.visionweb.com.ar\/?p=18975","title":{"rendered":"Diputada del radicalismo alert\u00f3 por la crisis productiva en la provincia de Buenos Aires"},"content":{"rendered":"<p><em><strong>Se trata de cuatro proyectos de declaraci\u00f3n que ponen el foco en la crisis productiva, que present\u00f3 la legisladora bonaerense Bel\u00e9n Malaisi. La apertura de importaciones, la falta de cr\u00e9dito, el tarifazo en servicios p\u00fablicos y el incumplimiento de la baja de impuestos impactaron directamente en el\u00a0entramado productivo bonaerense, argument\u00f3.<\/strong><\/em><!--more--><\/p>\n<div id=\"attachment_15194\" style=\"width: 310px\" class=\"wp-caption alignright\"><img loading=\"lazy\" decoding=\"async\" aria-describedby=\"caption-attachment-15194\" class=\"wp-image-15194 size-medium\" src=\"https:\/\/www.visionweb.com.ar\/wp-content\/uploads\/2024\/07\/belen-malaisi-repudio-a-adorni-300x172.png\" alt=\"\" width=\"300\" height=\"172\" srcset=\"https:\/\/www.visionweb.com.ar\/wp-content\/uploads\/2024\/07\/belen-malaisi-repudio-a-adorni-300x172.png 300w, https:\/\/www.visionweb.com.ar\/wp-content\/uploads\/2024\/07\/belen-malaisi-repudio-a-adorni.png 412w\" sizes=\"auto, (max-width: 300px) 100vw, 300px\" \/><p id=\"caption-attachment-15194\" class=\"wp-caption-text\">Diputada Malaisi. Foto archivo 2024<\/p><\/div>\n<p><strong> \u00a0\u00a0 L<\/strong>a\u00a0<strong>diputada bonaerense\u00a0<\/strong>del\u00a0<strong>bloque UCR + Cambio Federal<\/strong>, <strong>Bel\u00e9n Malaisi<\/strong>, present\u00f3 cuatro proyectos para alertar sobre la\u00a0<strong>crisis productiva<\/strong>, la<strong>\u00a0ca\u00edda del consumo<\/strong>, el\u00a0<strong>cierre de pymes<\/strong>\u00a0y las<strong>\u00a0dificultades que atraviesan sectores industriales<\/strong>\u00a0estrat\u00e9gicos de la\u00a0<strong>provincia de Buenos Aires<\/strong>.<\/p>\n<p>\u201cLa apertura econ\u00f3mica, la falta de cr\u00e9dito, la promesa incumplida de bajar impuestos, el tarifazo en los servicios p\u00fablicos son una muestra de que este modelo que la \u00fanica inversi\u00f3n que fomenta es la financiera\u201d, grafic\u00f3 la\u00a0<strong>diputada\u00a0<\/strong><strong>radical<\/strong> oriunda de\u00a0<strong>San Andr\u00e9s de Giles<\/strong>\u00a0en una de las iniciativas, de acuerdo inform\u00f3 Diputados Bonaerenses.<\/p>\n<p>En este sentido, la legisladora propuso declarar la preocupaci\u00f3n por la situaci\u00f3n de la\u00a0<strong>industria metal\u00fargica<\/strong>, en la que m\u00e1s de 50 empresas contratistas de Ternium se encuentran movilizadas y en estado de alarma por sus puestos de trabajo. Seg\u00fan argument\u00f3\u00a0<strong>Malaisi\u00a0<\/strong>en los fundamentos del texto, la crisis es producto de la combinaci\u00f3n de la ca\u00edda en las ventas, aumento de importaciones y antecedentes como los aranceles al acero impuestos por la administraci\u00f3n de\u00a0<strong>Donald Trump<\/strong>.<\/p>\n<p>En ese sentido,\u00a0<strong>Malaisi\u00a0<\/strong>sostuvo que la ciudad de\u00a0<strong>San Nicol\u00e1s<\/strong>, reconocida por su polo industrial, sufre suspensiones de personal desde el mes de marzo. Seg\u00fan explic\u00f3 la legisladora, la apertura de importaciones impulsada por el\u00a0<strong>Gobierno nacional\u00a0<\/strong>revivi\u00f3 lo ocurrido en los a\u00f1os \u201890 en prejuicio de la industria nacional.<\/p>\n<p>Por otro lado, la dirigente del radicalismo advirti\u00f3 que en julio se cumplieron cuarto meses consecutivos de\u00a0<strong>ca\u00edda del comercio minorista<\/strong>, con un 2% de baja interanual y un 5,7% mensual, de acuerdo a los datos relevados por la\u00a0<strong>Confederaci\u00f3n Argentina de la Mediana Empresa<\/strong>\u00a0(<strong>CAME<\/strong>). La merma se dio en todos los rubros, incluso en julio, cuando el cobro del aguinaldo no logr\u00f3 revertir la tendencia.<\/p>\n<p>En ese contexto,\u00a0<strong>Malaisi\u00a0<\/strong>reconoci\u00f3 que ni las promociones ni los descuentos alcanzaron para frenar la baja de consumo, que se concentr\u00f3 en productos de primera necesidad y de menor valor. Seg\u00fan datos de la<strong>\u00a0CAME<\/strong>, m\u00e1s del 80% de los comerciantes aseguraron que\u00a0<strong>sus ventas se mantienen iguales o peores que el a\u00f1o pasado<\/strong>, lo que refleja la profundidad de la crisis en el sector.<\/p>\n<p>Por otro lado, en el tercer proyecto, la\u00a0<strong>diputada radical<\/strong>\u00a0manifest\u00f3\u00a0<strong>preocupaci\u00f3n por el cierre de m\u00e1s de 15.000 pymes<\/strong>\u00a0en el per\u00edodo 2024-2025, lo que provoc\u00f3 la p\u00e9rdida de 220.000 empleos formales, seg\u00fan datos del\u00a0<strong>Centro de Econom\u00eda Pol\u00edtica Argentina<\/strong>\u00a0(<strong>CEPA<\/strong>). En la iniciativa, expuso que <strong>la apertura de importaciones, la falta de cr\u00e9dito, el tarifazo en servicios p\u00fablicos y el incumplimiento de la baja de impuestos impactaron directamente en el\u00a0entramado productivo bonaerense<\/strong>.<\/p>\n<p>En rigor, la\u00a0<strong>Legisladora\u00a0<\/strong>subray\u00f3 en los fundamentos que las\u00a0<strong>pymes\u00a0<\/strong><strong>representan la principal fuente de empleo registrado de calidad<\/strong>, con formaci\u00f3n y agregado de valor, y que la p\u00e9rdida de estas unidades no solo afecta a la econom\u00eda provincial sino tambi\u00e9n a la cohesi\u00f3n social. En tal sentido,\u00a0<strong>Malaisi\u00a0<\/strong>present\u00f3 otra iniciativa para <strong>declarar la preocupaci\u00f3n por la p\u00e9rdida de trabajos formales<\/strong>.<\/p>\n<p><strong>Un diagn\u00f3stico sobre la crisis productiva<\/strong><\/p>\n<p>En s\u00edntesis, los cuatro proyectos de declaraci\u00f3n presentados por\u00a0<strong>Malaisi\u00a0<\/strong>trazaron un panorama que atraviesa transversalmente a la provincia, que va desde los grandes polos industriales como\u00a0<strong>San Nicol\u00e1s<\/strong>, <strong>hasta las peque\u00f1as y medianas empresas distribuidas en el Conurbano y el interior<\/strong>\u00a0<strong>bonaerense<\/strong>.<\/p>\n<p>En tanto, la parlamentaria sostuvo que <strong>detr\u00e1s de la ca\u00edda de ventas, el cierre de empresas y las suspensiones de trabajadores se encuentra la pol\u00edtica econ\u00f3mica del gobierno nacional<\/strong>, que combina apertura comercial, quita de cr\u00e9ditos y aumentos de tarifas.<\/p>\n<p>En este marco, la\u00a0<strong>diputada de UCR + Cambio Federal<\/strong>\u00a0plante\u00f3 que la crisis no distingue sectores ni escalas, y que las pymes, comercios y contratistas industriales se encuentran en alerta ante la falta de respuestas oficiales. <strong>(VW)<\/strong><\/p>\n<p>&nbsp;<\/p>\n","protected":false},"excerpt":{"rendered":"<p>Se trata de cuatro proyectos de declaraci\u00f3n que ponen el foco en la crisis productiva, que present\u00f3 la legisladora bonaerense Bel\u00e9n Malaisi. La apertura de importaciones, la falta de cr\u00e9dito, el tarifazo en servicios&#46;&#46;&#46;<\/p>\n","protected":false},"author":4,"featured_media":15194,"comment_status":"closed","ping_status":"closed","sticky":false,"template":"","format":"standard","meta":{"_monsterinsights_skip_tracking":false,"_monsterinsights_sitenote_active":false,"_monsterinsights_sitenote_note":"","_monsterinsights_sitenote_category":0,"footnotes":""},"categories":[4,749],"tags":[8091,8090,8089,8092,3588,1389],"class_list":["post-18975","post","type-post","status-publish","format-standard","has-post-thumbnail","hentry","category-politica","category-pymes","tag-cierre-de-industrias","tag-crisis-pruductiva-bonaerense","tag-diputada-belen-malaisi","tag-perdida-del-empleo","tag-proyectos","tag-radicalismo"],"_links":{"self":[{"href":"https:\/\/www.visionweb.com.ar\/index.php?rest_route=\/wp\/v2\/posts\/18975","targetHints":{"allow":["GET"]}}],"collection":[{"href":"https:\/\/www.visionweb.com.ar\/index.php?rest_route=\/wp\/v2\/posts"}],"about":[{"href":"https:\/\/www.visionweb.com.ar\/index.php?rest_route=\/wp\/v2\/types\/post"}],"author":[{"embeddable":true,"href":"https:\/\/www.visionweb.com.ar\/index.php?rest_route=\/wp\/v2\/users\/4"}],"replies":[{"embeddable":true,"href":"https:\/\/www.visionweb.com.ar\/index.php?rest_route=%2Fwp%2Fv2%2Fcomments&post=18975"}],"version-history":[{"count":1,"href":"https:\/\/www.visionweb.com.ar\/index.php?rest_route=\/wp\/v2\/posts\/18975\/revisions"}],"predecessor-version":[{"id":18976,"href":"https:\/\/www.visionweb.com.ar\/index.php?rest_route=\/wp\/v2\/posts\/18975\/revisions\/18976"}],"wp:featuredmedia":[{"embeddable":true,"href":"https:\/\/www.visionweb.com.ar\/index.php?rest_route=\/wp\/v2\/media\/15194"}],"wp:attachment":[{"href":"https:\/\/www.visionweb.com.ar\/index.php?rest_route=%2Fwp%2Fv2%2Fmedia&parent=18975"}],"wp:term":[{"taxonomy":"category","embeddable":true,"href":"https:\/\/www.visionweb.com.ar\/index.php?rest_route=%2Fwp%2Fv2%2Fcategories&post=18975"},{"taxonomy":"post_tag","embeddable":true,"href":"https:\/\/www.visionweb.com.ar\/index.php?rest_route=%2Fwp%2Fv2%2Ftags&post=18975"}],"curies":[{"name":"wp","href":"https:\/\/api.w.org\/{rel}","templated":true}]}}