{"id":18973,"date":"2025-09-01T12:56:50","date_gmt":"2025-09-01T15:56:50","guid":{"rendered":"https:\/\/www.visionweb.com.ar\/?p=18973"},"modified":"2025-09-01T12:56:50","modified_gmt":"2025-09-01T15:56:50","slug":"arranca-septiembre-con-nuevos-aumentos-en-las-tarifas-de-servicios","status":"publish","type":"post","link":"https:\/\/www.visionweb.com.ar\/?p=18973","title":{"rendered":"Arranca septiembre con nuevos aumentos en las tarifas de servicios"},"content":{"rendered":"<p><em><strong>Luz y gas aumentan por encima de la inflaci\u00f3n. Las nuevas actualizaciones comenzaron a regir desde este lunes. Transporte p\u00fablico, agua y combustibles tambi\u00e9n aumentan.<\/strong><\/em><!--more--><\/p>\n<p><strong> <img loading=\"lazy\" decoding=\"async\" class=\"size-full wp-image-7465 alignleft\" src=\"https:\/\/www.visionweb.com.ar\/wp-content\/uploads\/2022\/09\/billetera-vacia.bmp\" alt=\"\" width=\"591\" height=\"372\" \/>\u00a0\u00a0\u00a0 E<\/strong>l<strong> Gobierno formaliz\u00f3 los aumentos en las tarifas de energ\u00eda con subas que oscilan entre 2 y 3%, por encima de la\u00a0inflaci\u00f3n y que rigen a partir de este lunes.<\/strong>\u00a0Se suman a\u00a0las subas que sufrir\u00e1n los consumidores en transporte p\u00fablico, agua y combustibles a partir de este mes.<\/p>\n<p>Los incrementos quedaron establecidos por una serie de resoluciones del ENRE y ENARGAS. En el caso de la electricidad, el incremento final en las facturas que recibir\u00e1n los usuarios ser\u00e1 del<strong>\u00a02,97% para Edenor y del 2,90% para Edesur\u00a0<\/strong>con relaci\u00f3n a los precios pagados en agosto.<\/p>\n<p>El impacto final en las boletas depender\u00e1 de la categor\u00eda de casa usuario. Los Nivel 1 pagar\u00e1n la tarifa plena, mientras que Nivel 2 y Nivel 3 mantienen bonificaciones, siempre sujetos a los rangos de consumo.<\/p>\n<p>En cuanto al servicio de\u00a0<strong>gas se calcula un alza promedio de 2%<\/strong>. En este caso resulta m\u00e1s complicado establecer un par\u00e1metro debido a los diferentes segmentos y regiones.<\/p>\n<p>Estas subas afectan a los usuarios de todas las categor\u00edas, incluyen residenciales y comerciales, de acuerdo a los lineamientos de las revisiones tarifarias y el esquema de ajustes mensuales para ambos servicios. As\u00ed lo establecieron el\u00a0<strong>Ente Nacional Regulador de la Electricidad (ENRE)<\/strong>\u00a0y el\u00a0<strong>Ente Nacional Regulador del Gas (ENARGAS)\u00a0<\/strong>en resoluciones publicadas este lunes en el Bolet\u00edn Oficial.<\/p>\n<p>Para el\u00a0<strong>servicio el\u00e9ctrico<\/strong>, el aumento final en las facturas ser\u00e1 del\u00a0<strong>2,97% para Edenor<\/strong>\u00a0y del\u00a0<strong>2,90% para Edesur<\/strong>\u00a0respecto de agosto. En ambos casos, el ajuste combina dos componentes: por un lado, una actualizaci\u00f3n del 2,54% sobre el\u00a0<strong>Costo Propio de Distribuci\u00f3n\u00a0<\/strong>(CPD), determinada seg\u00fan la evoluci\u00f3n de los \u00edndices de precio mayoristas y minoristas determinados por el Indec. Por otro, el\u00a0<strong>traslado a tarifas\u00a0<\/strong>de los\u00a0<strong>nuevos precios estacionales de la energ\u00eda mayorista<\/strong>, fijados por la Secretar\u00eda de Energ\u00eda para septiembre y octubre.<\/p>\n<p>En paralelo, el Gobierno bonaerense public\u00f3 en el Bolet\u00edn Oficial el incremento de tarifas el\u00e9ctricas mediante la Resoluci\u00f3n 861\/2025. Este incremento incluye el traslado de precios mayoristas definido por naci\u00f3n a partir de agosto y un ajuste del valor agregado de distribuci\u00f3n (VAD), el impacto en factura final ser\u00e1 en promedio del 1,5% en la factura final para los usuarios residenciales.<\/p>\n<p>En ese sentido, un usuario residencial N1 (ingresos altos) con un consumo medio pasar\u00e1 de pagar $40.270\/mes a pagar $40.900\/mes. Mientras que un usuario N2 (ingresos bajos) pagaba $25.700\/mes y ahora pagar\u00e1 $26.100\/mes. El ajuste se ver\u00e1 reflejado en los consumos del mes de agosto y septiembre e impactar\u00e1 en las facturas que los usuarios recibir\u00e1n entre septiembre y octubre.<\/p>\n<p><strong>Colectivos, subtes y Premetro<\/strong><\/p>\n<p><strong>El boleto m\u00ednimo costar\u00e1 m\u00e1s caro desde este lunes en la Provincia de Buenos Aires<\/strong>. La f\u00f3rmula para las subas mensuales es el\u00a0<strong>\u00faltimo \u00edndice de inflaci\u00f3n + 2%<\/strong>. En colectivos interjurisdiccionales que dependen del gobierno nacional por el momento no se informaron aumentos, por lo que el m\u00ednimo con SUBE registrada sigue en\u00a0<strong>$451,01<\/strong>. Por su parte, el boleto de subte sufrir\u00e1 un incremento del 3,87%: el pasaje base costar\u00e1 $1.071, mientras que el Premetro ir\u00e1 a $374,92.<\/p>\n<ul>\n<li>Boleto m\u00ednimo de colectivo CABA en septiembre:\u00a0<strong>\u00a0$523,13<\/strong><\/li>\n<li>Boleto m\u00ednimo de colectivo PBA en septiembre:\u00a0<strong>$529,25<\/strong><\/li>\n<li>Boleto m\u00ednimo de colectivo PBA en septiembre:\u00a0<strong>$529,25<\/strong><\/li>\n<li>Boleto m\u00ednimo de Subte en septiembre:\u00a0<strong>$1.071<\/strong><\/li>\n<li>Boleto m\u00ednimo de Premetro en septiembre:\u00a0<strong>$374,92<\/strong><\/li>\n<\/ul>\n<p>Agua y Saneamiento Argentinos\u00a0<strong>(AySA) ajustar\u00e1 un 1%<\/strong>\u00a0la tarifa por su servicio. Por su parte, la Secretar\u00eda de Energ\u00eda estableci\u00f3 un\u00a0<strong>aumento del 0,5% en los precios del<\/strong>\u00a0<strong>Mercado El\u00e9ctrico Mayorista (MEM)<\/strong>. Resta definir el incremento en el tramo mayorista, el cual se calcula 67% por inflaci\u00f3n mayorista (IPIM) y 33% por la minorista (IPC) del INDEC.<\/p>\n<p><strong>Impuesto a los combustibles: sube la nafta<\/strong><\/p>\n<p>Los aumentos en el Impuesto a los combustibles son trimestrales y se rigen por la variaci\u00f3n del IPC del INDEC, pero los diferentes gobiernos suelen demorarlos para evitar aumentos en los combustibles en ciertos momentos. La mencionada fue la actualizaci\u00f3n correspondiente al primer trimestre de 2024. En este caso,\u00a0<strong>el Gobierno reci\u00e9n aplicar\u00e1 las actualizaciones correspondientes al segundo, tercer y cuarto trimestres del 2024 y al primer trimestre del 2025.<\/strong><\/p>\n<p><strong>1\u00ba fase (del 1 al 30 de septiembre de 2025):<\/strong><\/p>\n<ul>\n<li><strong>Nafta sin plomo, nafta de m\u00e1s de 92 RON y nafta virgen:<\/strong>\u00a0el impuesto sobre los combustibles l\u00edquidos se incrementar\u00e1 en 10,523 pesos por unidad de medida, y el Impuesto al Di\u00f3xido de Carbono en 0,645.<\/li>\n<li><strong>Gasoil:<\/strong>\u00a0el impuesto sobre los combustibles l\u00edquidos se ir\u00e1 a 8,577 pesos, con un monto diferencial de 4,644 para ciertas \u00e1reas. En tanto, el impuesto al di\u00f3xido de carbono subir\u00e1 0,978 pesos.<\/li>\n<\/ul>\n<p><strong>2\u00ba Fase (A partir del 1\u00b0 de octubre de 2025):<\/strong><\/p>\n<ul>\n<li>Se aplicar\u00e1 el incremento total acumulado en los montos de impuestos. Este incremento resultar\u00e1 de la adici\u00f3n de los remanentes de la actualizaci\u00f3n del a\u00f1o calendario 2024 y de las correspondientes al primer y segundo trimestre calendario del a\u00f1o 2025. <strong>(VW)<\/strong><\/li>\n<\/ul>\n","protected":false},"excerpt":{"rendered":"<p>Luz y gas aumentan por encima de la inflaci\u00f3n. Las nuevas actualizaciones comenzaron a regir desde este lunes. Transporte p\u00fablico, agua y combustibles tambi\u00e9n aumentan.<\/p>\n","protected":false},"author":4,"featured_media":7465,"comment_status":"closed","ping_status":"closed","sticky":false,"template":"","format":"standard","meta":{"_monsterinsights_skip_tracking":false,"_monsterinsights_sitenote_active":false,"_monsterinsights_sitenote_note":"","_monsterinsights_sitenote_category":0,"footnotes":""},"categories":[6,5],"tags":[2859,8087,1826,2376,1082,8088],"class_list":["post-18973","post","type-post","status-publish","format-standard","has-post-thumbnail","hentry","category-economia","category-sociedad","tag-agua","tag-aumentos-en-septiembre","tag-gas","tag-luz","tag-servicios","tag-transporte-y-combustibles"],"_links":{"self":[{"href":"https:\/\/www.visionweb.com.ar\/index.php?rest_route=\/wp\/v2\/posts\/18973","targetHints":{"allow":["GET"]}}],"collection":[{"href":"https:\/\/www.visionweb.com.ar\/index.php?rest_route=\/wp\/v2\/posts"}],"about":[{"href":"https:\/\/www.visionweb.com.ar\/index.php?rest_route=\/wp\/v2\/types\/post"}],"author":[{"embeddable":true,"href":"https:\/\/www.visionweb.com.ar\/index.php?rest_route=\/wp\/v2\/users\/4"}],"replies":[{"embeddable":true,"href":"https:\/\/www.visionweb.com.ar\/index.php?rest_route=%2Fwp%2Fv2%2Fcomments&post=18973"}],"version-history":[{"count":1,"href":"https:\/\/www.visionweb.com.ar\/index.php?rest_route=\/wp\/v2\/posts\/18973\/revisions"}],"predecessor-version":[{"id":18974,"href":"https:\/\/www.visionweb.com.ar\/index.php?rest_route=\/wp\/v2\/posts\/18973\/revisions\/18974"}],"wp:featuredmedia":[{"embeddable":true,"href":"https:\/\/www.visionweb.com.ar\/index.php?rest_route=\/wp\/v2\/media\/7465"}],"wp:attachment":[{"href":"https:\/\/www.visionweb.com.ar\/index.php?rest_route=%2Fwp%2Fv2%2Fmedia&parent=18973"}],"wp:term":[{"taxonomy":"category","embeddable":true,"href":"https:\/\/www.visionweb.com.ar\/index.php?rest_route=%2Fwp%2Fv2%2Fcategories&post=18973"},{"taxonomy":"post_tag","embeddable":true,"href":"https:\/\/www.visionweb.com.ar\/index.php?rest_route=%2Fwp%2Fv2%2Ftags&post=18973"}],"curies":[{"name":"wp","href":"https:\/\/api.w.org\/{rel}","templated":true}]}}