{"id":18967,"date":"2025-08-28T11:57:39","date_gmt":"2025-08-28T14:57:39","guid":{"rendered":"https:\/\/www.visionweb.com.ar\/?p=18967"},"modified":"2025-08-28T11:57:39","modified_gmt":"2025-08-28T14:57:39","slug":"la-escuela-de-escritura-bonaerense-comenzo-sus-encuentros-de-capacitacion-virtual","status":"publish","type":"post","link":"https:\/\/www.visionweb.com.ar\/?p=18967","title":{"rendered":"La Escuela de Escritura Bonaerense comenz\u00f3 sus encuentros de capacitaci\u00f3n virtual"},"content":{"rendered":"<p><em><strong>El programa de formaci\u00f3n del Instituto Cultural de la Provincia propone un recorrido que se compone de\u00a0tres miradas distintas. Ya esta tarde se realiza la segunda clase virtual. La primera clase magistral estuvo a cargo de Pablo Ramos. Habr\u00e1 dos encuentros m\u00e1s y talleres presenciales en distintas localidades.<\/strong><\/em>\u00a0<!--more--><\/p>\n<div id=\"attachment_18968\" style=\"width: 310px\" class=\"wp-caption alignright\"><img loading=\"lazy\" decoding=\"async\" aria-describedby=\"caption-attachment-18968\" class=\"wp-image-18968 size-medium\" src=\"https:\/\/www.visionweb.com.ar\/wp-content\/uploads\/2025\/08\/escuela-escritores-pba-foto-prensa-300x173.png\" alt=\"\" width=\"300\" height=\"173\" srcset=\"https:\/\/www.visionweb.com.ar\/wp-content\/uploads\/2025\/08\/escuela-escritores-pba-foto-prensa-300x173.png 300w, https:\/\/www.visionweb.com.ar\/wp-content\/uploads\/2025\/08\/escuela-escritores-pba-foto-prensa.png 538w\" sizes=\"auto, (max-width: 300px) 100vw, 300px\" \/><p id=\"caption-attachment-18968\" class=\"wp-caption-text\">Pablo Ramos, Raquel Robles y Carlos R\u00edos brindan clases magistrales de especializaci\u00f3n. Foto Prensa PBA<\/p><\/div>\n<p><strong> E<\/strong>l <strong>Instituto Cultural de la Provincia<\/strong> lanz\u00f3 la primera edici\u00f3n de la\u00a0<strong>Escuela de Escritura<\/strong>, con 3500 inscriptos, combina encuentros virtuales gratuitos <strong>dictados por personalidades del mundo literario<\/strong> con talleres presenciales en distintos espacios de la comunidad.<\/p>\n<p>A trav\u00e9s de los distintos encuentros, se propone un recorrido que se compone de\u00a0<strong>tres miradas distintas<\/strong>: la correcci\u00f3n como n\u00facleo del cuento, los recursos t\u00e9cnicos para construir una novela y la exploraci\u00f3n colectiva de la poes\u00eda contempor\u00e1nea.<\/p>\n<p>Cabe destacar, que la primera clase magistral se realiz\u00f3 el pasado jueves 21 de agosto, y estuvo a cargo del escritor, guionista y m\u00fasico bonaerense\u00a0<strong>Pablo Ramos<\/strong>. Durante el encuentro se abordaron distintas herramientas para la correcci\u00f3n del cuento, uno de los g\u00e9neros que forma parte de los contenidos del programa de esta propuesta.<\/p>\n<p>Estos espacios de capacitaci\u00f3n, impulsados en el marco del\u00a0<strong>Plan Bonaerense de Fortalecimiento del Libro y la Lectura<\/strong>, est\u00e1n pensados para escritores y escritoras en formaci\u00f3n que busquen obtener distintas herramientas para perfeccionar su labor y reflexionar en conjunto sobre el oficio de escribir.<\/p>\n<p>El pr\u00f3ximo <strong>encuentro virtual ser\u00e1 este jueves con la coordinaci\u00f3n de la escritora, periodista y docente\u00a0Raquel Robles,<\/strong> quien brindar\u00e1 una clase magistral sobre \u201clos procedimientos t\u00e9cnicos para escribir una novela\u201d, focalizando en la estructura y revisi\u00f3n de la escritura con eje en una historia.<\/p>\n<p>En el \u00faltimo encuentro virtual, que tendr\u00e1 lugar el jueves 4 de septiembre, el escritor\u00a0<strong>Carlos R\u00edos<\/strong>\u00a0analizar\u00e1 junto a los alumnos y alumnas otro de los g\u00e9neros de la literatura: el poema. A partir de lecturas y discusiones colectivas, se buscar\u00e1 abrir caminos para pensar distintas formas de escribir un poema y ensayar con la palabra propia.<\/p>\n<p>\u201cEsta primera edici\u00f3n de la Escuela de Escritura se inscribe en una visi\u00f3n de la cultura como un derecho colectivo. La lectura es una herramienta fundamental para el pensamiento cr\u00edtico, la construcci\u00f3n de ciudadan\u00eda y la igualdad de oportunidades\u201d, resaltaron desde el organismo que conduce Florencia Saintout.<\/p>\n<p>Por otro lado, los encuentros presenciales ser\u00e1n talleres de escritura y edici\u00f3n artesanal que se realizar\u00e1n en distintos espacios comunitarios, como centros culturales, bibliotecas populares, casas de abrigo y centros cerrados, de distintas localidades de la provincia de Buenos Aires.<\/p>\n<p>Dirigidos centralmente a los sectores de la comunidad que no necesariamente tengan experiencia con la escritura, estos encuentros buscan incentivar la imaginaci\u00f3n ligada a la pr\u00e1ctica escritural y tendr\u00e1n dos instancias: una primera que gira sobre el eje de la utop\u00eda, es decir, pensar y so\u00f1ar el mundo en el que desear\u00edamos vivir. Mientras que en la segunda se trabajar\u00e1 con esos relatos en un taller de edici\u00f3n artesanal, para compartir con la comunidad el trabajo realizado durante el proceso de aprendizaje.<\/p>\n<p>Los diferentes programas que forman parte de este plan se articulan con municipios, editoriales, librer\u00edas, autores, docentes, mediadores culturales y organizaciones de la sociedad civil. Desde 2023, el plan alcanz\u00f3\u00a0m\u00e1s de\u00a0<strong>10 mil personas\u00a0<\/strong>inscriptas de distintas localidades bonaerenses, como tambi\u00e9n de otras provincias del pa\u00eds con programas como la Escuela de Editores y Editoras y la Escuela de Organizadores de Ferias. <strong>(VW)<\/strong><\/p>\n","protected":false},"excerpt":{"rendered":"<p>El programa de formaci\u00f3n del Instituto Cultural de la Provincia propone un recorrido que se compone de\u00a0tres miradas distintas. Ya esta tarde se realiza la segunda clase virtual. La primera clase magistral estuvo a&#46;&#46;&#46;<\/p>\n","protected":false},"author":4,"featured_media":18968,"comment_status":"closed","ping_status":"closed","sticky":false,"template":"","format":"standard","meta":{"_monsterinsights_skip_tracking":false,"_monsterinsights_sitenote_active":false,"_monsterinsights_sitenote_note":"","_monsterinsights_sitenote_category":0,"footnotes":""},"categories":[7],"tags":[949,8086,8085,8084,966],"class_list":["post-18967","post","type-post","status-publish","format-standard","has-post-thumbnail","hentry","category-educacion-y-cultura","tag-capacitacion","tag-clases-virtuales","tag-escuela-de-escritura","tag-instituto-cultural-de-la-provincia","tag-pba"],"_links":{"self":[{"href":"https:\/\/www.visionweb.com.ar\/index.php?rest_route=\/wp\/v2\/posts\/18967","targetHints":{"allow":["GET"]}}],"collection":[{"href":"https:\/\/www.visionweb.com.ar\/index.php?rest_route=\/wp\/v2\/posts"}],"about":[{"href":"https:\/\/www.visionweb.com.ar\/index.php?rest_route=\/wp\/v2\/types\/post"}],"author":[{"embeddable":true,"href":"https:\/\/www.visionweb.com.ar\/index.php?rest_route=\/wp\/v2\/users\/4"}],"replies":[{"embeddable":true,"href":"https:\/\/www.visionweb.com.ar\/index.php?rest_route=%2Fwp%2Fv2%2Fcomments&post=18967"}],"version-history":[{"count":1,"href":"https:\/\/www.visionweb.com.ar\/index.php?rest_route=\/wp\/v2\/posts\/18967\/revisions"}],"predecessor-version":[{"id":18969,"href":"https:\/\/www.visionweb.com.ar\/index.php?rest_route=\/wp\/v2\/posts\/18967\/revisions\/18969"}],"wp:featuredmedia":[{"embeddable":true,"href":"https:\/\/www.visionweb.com.ar\/index.php?rest_route=\/wp\/v2\/media\/18968"}],"wp:attachment":[{"href":"https:\/\/www.visionweb.com.ar\/index.php?rest_route=%2Fwp%2Fv2%2Fmedia&parent=18967"}],"wp:term":[{"taxonomy":"category","embeddable":true,"href":"https:\/\/www.visionweb.com.ar\/index.php?rest_route=%2Fwp%2Fv2%2Fcategories&post=18967"},{"taxonomy":"post_tag","embeddable":true,"href":"https:\/\/www.visionweb.com.ar\/index.php?rest_route=%2Fwp%2Fv2%2Ftags&post=18967"}],"curies":[{"name":"wp","href":"https:\/\/api.w.org\/{rel}","templated":true}]}}